{"id":187386,"date":"2021-07-03T09:37:52","date_gmt":"2021-07-03T06:37:52","guid":{"rendered":"http:\/\/107.6.182.27\/es\/?p=187386"},"modified":"2021-07-03T09:37:52","modified_gmt":"2021-07-03T06:37:52","slug":"terroristas-de-al-nousra-en-idlib-preparan-ataque-quimico-para-acusar-al-ejercito-arabe-sirio","status":"publish","type":"post","link":"https:\/\/archive.sana.sy\/es\/?p=187386","title":{"rendered":"Terroristas de Al-Nousra en Idlib preparan ataque qu\u00edmico para acusar al Ej\u00e9rcito \u00c1rabe Sirio"},"content":{"rendered":"<p style=\"text-align: justify;\"><span style=\"color: #800000;\"><strong>Mosc\u00fa, SANA<\/strong><\/span><\/p>\n<p style=\"text-align: justify;\">El Ministerio de Defensa ruso anunci\u00f3 que las organizaciones terroristas en la zona de desescalada en la provincia de Idlib y sus alrededores llevan a cabo preparativos para perpetrar ataque qu\u00edmico, en cooperaci\u00f3n con representantes de la organizaci\u00f3n terrorista &#8220;Cascos Blancos&#8221;.<\/p>\n<p style=\"text-align: justify;\">El subdirector del Centro de Coordinaci\u00f3n Ruso en la base rusa de Hemeimim en la provincia siria de Latakia, el coronel naval Vadim Kolet, dijo en un comunicado de prensa, que el Centro recibi\u00f3 informaci\u00f3n sobre preparativos de los terroristas del \u201cFrente Al-Nousra\u201d para llevar a cabo una provocaci\u00f3n en Idlib al escenificar un ataque con armas qu\u00edmicas para acusar a las Fuerzas Armadas de Siria.<\/p>\n<p style=\"text-align: justify;\">El oficial aclar\u00f3 que los pobladores confirmaron que los terroristas junto a representantes de &#8220;Cascos Blancos&#8221; transportaron unos 10 barriles de materiales t\u00f3xicos en camiones a la localidad de Harem para hacer &#8220;simulaci\u00f3n de un ataque qu\u00edmico en el sur de la meseta de Jabal al-Zawiya, y luego acusar a las fuerzas del gobierno de utilizar materiales t\u00f3xicos contra civiles.<\/p>\n<p style=\"text-align: justify;\"><span style=\"color: #0000ff;\"><strong>fm\/sm<\/strong><\/span><\/p>\n","protected":false},"excerpt":{"rendered":"<p>Mosc\u00fa, SANA El Ministerio de Defensa ruso anunci\u00f3 que las organizaciones terroristas en la zona de desescalada en la provincia de Idlib y sus alrededores llevan a cabo preparativos para perpetrar ataque qu\u00edmico, en cooperaci\u00f3n con representantes de la organizaci\u00f3n terrorista &#8220;Cascos Blancos&#8221;. El subdirector del Centro de Coordinaci\u00f3n Ruso en la base rusa de &hellip;<\/p>\n","protected":false},"author":39,"featured_media":187387,"comment_status":"closed","ping_status":"closed","sticky":false,"template":"","format":"standard","meta":{"footnotes":""},"categories":[597,573,467,7541],"tags":[],"class_list":["post-187386","post","type-post","status-publish","format-standard","has-post-thumbnail","","category-cinta-de-noticias","category-la-realidad-de-los-acontecimientos-en-siria","category-siria-y-el-mundo","category-ultimas-noticias"],"_links":{"self":[{"href":"https:\/\/archive.sana.sy\/es\/index.php?rest_route=\/wp\/v2\/posts\/187386"}],"collection":[{"href":"https:\/\/archive.sana.sy\/es\/index.php?rest_route=\/wp\/v2\/posts"}],"about":[{"href":"https:\/\/archive.sana.sy\/es\/index.php?rest_route=\/wp\/v2\/types\/post"}],"author":[{"embeddable":true,"href":"https:\/\/archive.sana.sy\/es\/index.php?rest_route=\/wp\/v2\/users\/39"}],"replies":[{"embeddable":true,"href":"https:\/\/archive.sana.sy\/es\/index.php?rest_route=%2Fwp%2Fv2%2Fcomments&post=187386"}],"version-history":[{"count":0,"href":"https:\/\/archive.sana.sy\/es\/index.php?rest_route=\/wp\/v2\/posts\/187386\/revisions"}],"wp:featuredmedia":[{"embeddable":true,"href":"https:\/\/archive.sana.sy\/es\/index.php?rest_route=\/wp\/v2\/media\/187387"}],"wp:attachment":[{"href":"https:\/\/archive.sana.sy\/es\/index.php?rest_route=%2Fwp%2Fv2%2Fmedia&parent=187386"}],"wp:term":[{"taxonomy":"category","embeddable":true,"href":"https:\/\/archive.sana.sy\/es\/index.php?rest_route=%2Fwp%2Fv2%2Fcategories&post=187386"},{"taxonomy":"post_tag","embeddable":true,"href":"https:\/\/archive.sana.sy\/es\/index.php?rest_route=%2Fwp%2Fv2%2Ftags&post=187386"}],"curies":[{"name":"wp","href":"https:\/\/api.w.org\/{rel}","templated":true}]}}