{"id":187389,"date":"2021-07-03T11:21:13","date_gmt":"2021-07-03T08:21:13","guid":{"rendered":"http:\/\/107.6.182.27\/es\/?p=187389"},"modified":"2021-07-03T11:21:13","modified_gmt":"2021-07-03T08:21:13","slug":"desde-el-vaticano-el-patriarca-juan-x-yazji-exige-levantar-medidas-coercitivas-unilaterales-occidentales-impuestas-a-siria","status":"publish","type":"post","link":"https:\/\/archive.sana.sy\/es\/?p=187389","title":{"rendered":"Desde el Vaticano, el patriarca Juan X Yazji exige levantar medidas coercitivas unilaterales occidentales impuestas a Siria"},"content":{"rendered":"<p style=\"text-align: justify;\"><span style=\"color: #800000;\"><strong>El Vaticano, SANA<\/strong><\/span><\/p>\n<p style=\"text-align: justify;\">El patriarca de Antioqu\u00eda y Todo Oriente de la Iglesia Greco-ortodoxa, Juan X Yazji, exigi\u00f3 levantar las medidas coercitivas unilaterales occidentales impuestas al pueblo sirio.<\/p>\n<p style=\"text-align: justify;\">Durante su encuentro con el canciller de la Santa Sede, el cardenal Brolin, en el Palacio Apost\u00f3lico del Vaticano, el patriarca Yazji destac\u00f3 la necesidad de intensificar los esfuerzos para levantar las sanciones, as\u00ed como trat\u00f3 el tema de los obispos Paul Yazigi y Juan Ibrahim, quienes fueron secuestrados por las organizaciones terroristas en el campo de Alepo hace ocho a\u00f1os.<\/p>\n<p><span style=\"color: #0000ff;\"><strong>sm\/fm<\/strong><\/span><\/p>\n<p style=\"text-align: justify;\">\n","protected":false},"excerpt":{"rendered":"<p>El Vaticano, SANA El patriarca de Antioqu\u00eda y Todo Oriente de la Iglesia Greco-ortodoxa, Juan X Yazji, exigi\u00f3 levantar las medidas coercitivas unilaterales occidentales impuestas al pueblo sirio. Durante su encuentro con el canciller de la Santa Sede, el cardenal Brolin, en el Palacio Apost\u00f3lico del Vaticano, el patriarca Yazji destac\u00f3 la necesidad de intensificar &hellip;<\/p>\n","protected":false},"author":39,"featured_media":187390,"comment_status":"closed","ping_status":"closed","sticky":false,"template":"","format":"standard","meta":{"footnotes":""},"categories":[597,467,7541],"tags":[],"class_list":["post-187389","post","type-post","status-publish","format-standard","has-post-thumbnail","","category-cinta-de-noticias","category-siria-y-el-mundo","category-ultimas-noticias"],"_links":{"self":[{"href":"https:\/\/archive.sana.sy\/es\/index.php?rest_route=\/wp\/v2\/posts\/187389"}],"collection":[{"href":"https:\/\/archive.sana.sy\/es\/index.php?rest_route=\/wp\/v2\/posts"}],"about":[{"href":"https:\/\/archive.sana.sy\/es\/index.php?rest_route=\/wp\/v2\/types\/post"}],"author":[{"embeddable":true,"href":"https:\/\/archive.sana.sy\/es\/index.php?rest_route=\/wp\/v2\/users\/39"}],"replies":[{"embeddable":true,"href":"https:\/\/archive.sana.sy\/es\/index.php?rest_route=%2Fwp%2Fv2%2Fcomments&post=187389"}],"version-history":[{"count":0,"href":"https:\/\/archive.sana.sy\/es\/index.php?rest_route=\/wp\/v2\/posts\/187389\/revisions"}],"wp:featuredmedia":[{"embeddable":true,"href":"https:\/\/archive.sana.sy\/es\/index.php?rest_route=\/wp\/v2\/media\/187390"}],"wp:attachment":[{"href":"https:\/\/archive.sana.sy\/es\/index.php?rest_route=%2Fwp%2Fv2%2Fmedia&parent=187389"}],"wp:term":[{"taxonomy":"category","embeddable":true,"href":"https:\/\/archive.sana.sy\/es\/index.php?rest_route=%2Fwp%2Fv2%2Fcategories&post=187389"},{"taxonomy":"post_tag","embeddable":true,"href":"https:\/\/archive.sana.sy\/es\/index.php?rest_route=%2Fwp%2Fv2%2Ftags&post=187389"}],"curies":[{"name":"wp","href":"https:\/\/api.w.org\/{rel}","templated":true}]}}