{"id":187412,"date":"2021-07-03T08:08:31","date_gmt":"2021-07-03T05:08:31","guid":{"rendered":"http:\/\/107.6.182.27\/es\/?p=187412"},"modified":"2023-01-12T14:40:57","modified_gmt":"2023-01-12T12:40:57","slug":"presidente-de-venezuela-desvela-plan-estadounidense-para-matarlo","status":"publish","type":"post","link":"https:\/\/archive.sana.sy\/es\/?p=187412","title":{"rendered":"Presidente de Venezuela desvela plan estadounidense para matarlo"},"content":{"rendered":"<p style=\"text-align: justify;\"><strong><span style=\"color: #800000;\">Caracas, SANA<\/span><\/strong><\/p>\n<p style=\"text-align: justify;\">El presidente de Venezuela, Nicol\u00e1s Maduro, inform\u00f3 que altos mandos militares estadounidenses estaban de gira por Colombia, durante la cual examinaron la posibilidad de provocar una guerra civil en Venezuela.<\/p>\n<p style=\"text-align: justify;\">\u201cNuestras fuentes desde Colombia nos confirmaron la preparaci\u00f3n de planes en contra de mi persona y contra importantes funcionarios pol\u00edticos y militares venezolanos\u201d, dijo el presidente Maduro en una declaraci\u00f3n.<\/p>\n<p style=\"text-align: justify;\">A\u00f1adi\u00f3 que el presidente Joe Biden autoriz\u00f3 el plan para asesinarlo a \u00e9l y a altos l\u00edderes pol\u00edticos y militares de Venezuela.<\/p>\n<p style=\"text-align: justify;\">El mandatario venezolano confirm\u00f3 la complicidad del l\u00edder opositor derechista Juan Guaid\u00f3 en la orquestaci\u00f3n del intento de infiltraci\u00f3n de un grupo de mercenarios, entre ellos dos estadounidenses, en territorio venezolano en mayo del a\u00f1o pasado, con el objetivo de desestabilizar el pa\u00eds y dar un golpe de Estado.<\/p>\n<p style=\"text-align: justify;\"><strong><span style=\"color: #0000ff;\">sm\/fm<\/span><\/strong><\/p>\n","protected":false},"excerpt":{"rendered":"<p>Caracas, SANA El presidente de Venezuela, Nicol\u00e1s Maduro, inform\u00f3 que altos mandos militares estadounidenses estaban de gira por Colombia, durante la cual examinaron la posibilidad de provocar una guerra civil en Venezuela. \u201cNuestras fuentes desde Colombia nos confirmaron la preparaci\u00f3n de planes en contra de mi persona y contra importantes funcionarios pol\u00edticos y militares venezolanos\u201d, &hellip;<\/p>\n","protected":false},"author":39,"featured_media":187413,"comment_status":"closed","ping_status":"closed","sticky":false,"template":"","format":"standard","meta":{"footnotes":""},"categories":[597,456,7541],"tags":[],"class_list":["post-187412","post","type-post","status-publish","format-standard","has-post-thumbnail","","category-cinta-de-noticias","category-arabe-internacional-politica","category-ultimas-noticias"],"_links":{"self":[{"href":"https:\/\/archive.sana.sy\/es\/index.php?rest_route=\/wp\/v2\/posts\/187412"}],"collection":[{"href":"https:\/\/archive.sana.sy\/es\/index.php?rest_route=\/wp\/v2\/posts"}],"about":[{"href":"https:\/\/archive.sana.sy\/es\/index.php?rest_route=\/wp\/v2\/types\/post"}],"author":[{"embeddable":true,"href":"https:\/\/archive.sana.sy\/es\/index.php?rest_route=\/wp\/v2\/users\/39"}],"replies":[{"embeddable":true,"href":"https:\/\/archive.sana.sy\/es\/index.php?rest_route=%2Fwp%2Fv2%2Fcomments&post=187412"}],"version-history":[{"count":0,"href":"https:\/\/archive.sana.sy\/es\/index.php?rest_route=\/wp\/v2\/posts\/187412\/revisions"}],"wp:featuredmedia":[{"embeddable":true,"href":"https:\/\/archive.sana.sy\/es\/index.php?rest_route=\/wp\/v2\/media\/187413"}],"wp:attachment":[{"href":"https:\/\/archive.sana.sy\/es\/index.php?rest_route=%2Fwp%2Fv2%2Fmedia&parent=187412"}],"wp:term":[{"taxonomy":"category","embeddable":true,"href":"https:\/\/archive.sana.sy\/es\/index.php?rest_route=%2Fwp%2Fv2%2Fcategories&post=187412"},{"taxonomy":"post_tag","embeddable":true,"href":"https:\/\/archive.sana.sy\/es\/index.php?rest_route=%2Fwp%2Fv2%2Ftags&post=187412"}],"curies":[{"name":"wp","href":"https:\/\/api.w.org\/{rel}","templated":true}]}}