{"id":187422,"date":"2021-07-03T14:45:40","date_gmt":"2021-07-03T11:45:40","guid":{"rendered":"http:\/\/107.6.182.27\/es\/?p=187422"},"modified":"2021-07-03T14:45:40","modified_gmt":"2021-07-03T11:45:40","slug":"la-agresion-estadounidense-contra-la-zona-fronteriza-sirio-iraqui-viola-la-carta-de-las-naciones-unidas-afirma-iran","status":"publish","type":"post","link":"https:\/\/archive.sana.sy\/es\/?p=187422","title":{"rendered":"La agresi\u00f3n estadounidense contra la zona fronteriza sirio-iraqu\u00ed viola la Carta de las Naciones Unidas, afirma Ir\u00e1n"},"content":{"rendered":"<p style=\"text-align: justify;\"><span style=\"color: #800000;\"><strong>Teher\u00e1n, SANA<\/strong><\/span><\/p>\n<p style=\"text-align: justify;\">El Delegado permanente de Ir\u00e1n ante las Naciones Unidas, Majid Takht-Ravanchi, reiter\u00f3 que la agresi\u00f3n estadounidense contra la zona fronteriza sirio-iraqu\u00ed es ilegal y va en contra de la Carta de las Naciones Unidas.<\/p>\n<p style=\"text-align: justify;\">En una carta al presidente del Consejo de Seguridad, en respuesta a una carta del representante de EE.UU, Takht-Ravanchi conden\u00f3 la agresi\u00f3n y subray\u00f3 que &#8220;la pol\u00edtica estadounidense acusatoria a otros en la regi\u00f3n es un intento de encontrar cobertura para sus actividades irresponsables y desestabilizadoras y, para sus acciones militares ilegales en la regi\u00f3n&#8221;.<\/p>\n<p style=\"text-align: justify;\">El diplom\u00e1tico iran\u00ed fustig\u00f3 que tal pol\u00edtica estadounidense esta condenada al fracaso.<\/p>\n<p style=\"text-align: justify;\">Siria conden\u00f3 la flagrante agresi\u00f3n de Estados Unidos contra la zona fronteriza sirio-iraqu\u00ed y destac\u00f3 que constituye una violaci\u00f3n grosera de la soberan\u00eda de los territorios sirio e iraqu\u00ed.<\/p>\n<p style=\"text-align: justify;\"><span style=\"color: #0000ff;\"><strong>ah\/rsh<\/strong><\/span><\/p>\n","protected":false},"excerpt":{"rendered":"<p>Teher\u00e1n, SANA El Delegado permanente de Ir\u00e1n ante las Naciones Unidas, Majid Takht-Ravanchi, reiter\u00f3 que la agresi\u00f3n estadounidense contra la zona fronteriza sirio-iraqu\u00ed es ilegal y va en contra de la Carta de las Naciones Unidas. En una carta al presidente del Consejo de Seguridad, en respuesta a una carta del representante de EE.UU, Takht-Ravanchi &hellip;<\/p>\n","protected":false},"author":30,"featured_media":187423,"comment_status":"closed","ping_status":"closed","sticky":false,"template":"","format":"standard","meta":{"footnotes":""},"categories":[597,467,7541],"tags":[19235,19234],"class_list":["post-187422","post","type-post","status-publish","format-standard","has-post-thumbnail","","category-cinta-de-noticias","category-siria-y-el-mundo","category-ultimas-noticias","tag-afirma-iran","tag-la-agresion-estadounidense-contra-la-zona-fronteriza-sirio-iraqui-viola-la-carta-de-las-naciones-unidas"],"_links":{"self":[{"href":"https:\/\/archive.sana.sy\/es\/index.php?rest_route=\/wp\/v2\/posts\/187422"}],"collection":[{"href":"https:\/\/archive.sana.sy\/es\/index.php?rest_route=\/wp\/v2\/posts"}],"about":[{"href":"https:\/\/archive.sana.sy\/es\/index.php?rest_route=\/wp\/v2\/types\/post"}],"author":[{"embeddable":true,"href":"https:\/\/archive.sana.sy\/es\/index.php?rest_route=\/wp\/v2\/users\/30"}],"replies":[{"embeddable":true,"href":"https:\/\/archive.sana.sy\/es\/index.php?rest_route=%2Fwp%2Fv2%2Fcomments&post=187422"}],"version-history":[{"count":0,"href":"https:\/\/archive.sana.sy\/es\/index.php?rest_route=\/wp\/v2\/posts\/187422\/revisions"}],"wp:featuredmedia":[{"embeddable":true,"href":"https:\/\/archive.sana.sy\/es\/index.php?rest_route=\/wp\/v2\/media\/187423"}],"wp:attachment":[{"href":"https:\/\/archive.sana.sy\/es\/index.php?rest_route=%2Fwp%2Fv2%2Fmedia&parent=187422"}],"wp:term":[{"taxonomy":"category","embeddable":true,"href":"https:\/\/archive.sana.sy\/es\/index.php?rest_route=%2Fwp%2Fv2%2Fcategories&post=187422"},{"taxonomy":"post_tag","embeddable":true,"href":"https:\/\/archive.sana.sy\/es\/index.php?rest_route=%2Fwp%2Fv2%2Ftags&post=187422"}],"curies":[{"name":"wp","href":"https:\/\/api.w.org\/{rel}","templated":true}]}}