{"id":187455,"date":"2021-07-03T09:30:01","date_gmt":"2021-07-03T06:30:01","guid":{"rendered":"http:\/\/107.6.182.27\/es\/?p=187455"},"modified":"2023-01-12T14:40:57","modified_gmt":"2023-01-12T12:40:57","slug":"egipto-inaugura-gran-base-naval-en-el-mediterraneo","status":"publish","type":"post","link":"https:\/\/archive.sana.sy\/es\/?p=187455","title":{"rendered":"Egipto inaugura gran base naval en el Mediterr\u00e1neo"},"content":{"rendered":"<p><span style=\"color: #800000;\">El Cairo, SANA<\/span><\/p>\n<p style=\"text-align: justify;\">El presidente de Egipto, Abdul Fattah Al-Sisi, inaugur\u00f3 este s\u00e1bado la base naval \u201c3 de julio\u201d en la zona de Jarjoub de la gobernaci\u00f3n de Marsa Matruh, en la costa mediterr\u00e1nea.<\/p>\n<p style=\"text-align: justify;\">La superficie de la base es de 10 millones de metros cuadrados e incluye 74 instalaciones, una pista de aterrizaje y un atracadero militar con una longitud de un mil metros y una profundidad de 14 metros.<\/p>\n<p style=\"text-align: justify;\">Al-Sisi iz\u00f3 la bandera egipcia en la base en presencia de Mohammed bin Zayed Al Nahyan, pr\u00edncipe heredero de Abu Dhabi, y el presidente del Consejo Presidencial de Libia, Mohammed Al-Menfi.<\/p>\n<p style=\"text-align: justify;\">\u201cLa base est\u00e1 dedicada para proteger Egipto a lo largo de las direcciones estrat\u00e9gicas norte y oeste, asegurar las l\u00edneas navieras y mantener la seguridad mar\u00edtima utilizando grupos de combate&#8221;, afirm\u00f3 el portavoz de la presidencia de Egipto, Bassam Radi.<\/p>\n<p><span style=\"color: #0000ff;\">rr\/fm<\/span><\/p>\n","protected":false},"excerpt":{"rendered":"<p>El Cairo, SANA El presidente de Egipto, Abdul Fattah Al-Sisi, inaugur\u00f3 este s\u00e1bado la base naval \u201c3 de julio\u201d en la zona de Jarjoub de la gobernaci\u00f3n de Marsa Matruh, en la costa mediterr\u00e1nea. La superficie de la base es de 10 millones de metros cuadrados e incluye 74 instalaciones, una pista de aterrizaje y &hellip;<\/p>\n","protected":false},"author":31,"featured_media":187456,"comment_status":"closed","ping_status":"closed","sticky":false,"template":"","format":"standard","meta":{"footnotes":""},"categories":[456,7541],"tags":[],"class_list":["post-187455","post","type-post","status-publish","format-standard","has-post-thumbnail","","category-arabe-internacional-politica","category-ultimas-noticias"],"_links":{"self":[{"href":"https:\/\/archive.sana.sy\/es\/index.php?rest_route=\/wp\/v2\/posts\/187455"}],"collection":[{"href":"https:\/\/archive.sana.sy\/es\/index.php?rest_route=\/wp\/v2\/posts"}],"about":[{"href":"https:\/\/archive.sana.sy\/es\/index.php?rest_route=\/wp\/v2\/types\/post"}],"author":[{"embeddable":true,"href":"https:\/\/archive.sana.sy\/es\/index.php?rest_route=\/wp\/v2\/users\/31"}],"replies":[{"embeddable":true,"href":"https:\/\/archive.sana.sy\/es\/index.php?rest_route=%2Fwp%2Fv2%2Fcomments&post=187455"}],"version-history":[{"count":0,"href":"https:\/\/archive.sana.sy\/es\/index.php?rest_route=\/wp\/v2\/posts\/187455\/revisions"}],"wp:featuredmedia":[{"embeddable":true,"href":"https:\/\/archive.sana.sy\/es\/index.php?rest_route=\/wp\/v2\/media\/187456"}],"wp:attachment":[{"href":"https:\/\/archive.sana.sy\/es\/index.php?rest_route=%2Fwp%2Fv2%2Fmedia&parent=187455"}],"wp:term":[{"taxonomy":"category","embeddable":true,"href":"https:\/\/archive.sana.sy\/es\/index.php?rest_route=%2Fwp%2Fv2%2Fcategories&post=187455"},{"taxonomy":"post_tag","embeddable":true,"href":"https:\/\/archive.sana.sy\/es\/index.php?rest_route=%2Fwp%2Fv2%2Ftags&post=187455"}],"curies":[{"name":"wp","href":"https:\/\/api.w.org\/{rel}","templated":true}]}}