{"id":187492,"date":"2021-07-04T07:41:01","date_gmt":"2021-07-04T04:41:01","guid":{"rendered":"http:\/\/107.6.182.27\/es\/?p=187492"},"modified":"2023-01-12T14:40:56","modified_gmt":"2023-01-12T12:40:56","slug":"aviones-de-guerra-israeliees-bombardean-el-norte-de-gaza","status":"publish","type":"post","link":"https:\/\/archive.sana.sy\/es\/?p=187492","title":{"rendered":"Aviones de guerra israel\u00edes bombardean el norte de Gaza"},"content":{"rendered":"<p style=\"text-align: justify;\"><span style=\"color: #800000;\"><strong>Jerusal\u00e9n ocupada, SANA<\/strong><\/span><\/p>\n<p style=\"text-align: justify;\">Aviones b\u00e9licos de la ocupaci\u00f3n israel\u00ed bombardearon el norte de la Franja de Gaza.<\/p>\n<p style=\"text-align: justify;\">La agencia de noticias Maan inform\u00f3 que al menos dos misiles impactaron en un \u00e1rea al sur de la ciudad de Gaza en el norte de Gaza, causando da\u00f1os materiales.<\/p>\n<p style=\"text-align: justify;\">Asimismo, las fuerzas de ocupaci\u00f3n reanudaron sus ataques contra los agricultores palestinos al este de Khan Yunis en el sur de Gaza, lo cual los oblig\u00f3 a abandonar sus tierras.<\/p>\n<p style=\"text-align: justify;\"><span style=\"color: #0000ff;\"><strong>fm<\/strong><\/span><\/p>\n","protected":false},"excerpt":{"rendered":"<p>Jerusal\u00e9n ocupada, SANA Aviones b\u00e9licos de la ocupaci\u00f3n israel\u00ed bombardearon el norte de la Franja de Gaza. La agencia de noticias Maan inform\u00f3 que al menos dos misiles impactaron en un \u00e1rea al sur de la ciudad de Gaza en el norte de Gaza, causando da\u00f1os materiales. Asimismo, las fuerzas de ocupaci\u00f3n reanudaron sus ataques &hellip;<\/p>\n","protected":false},"author":34,"featured_media":187493,"comment_status":"closed","ping_status":"closed","sticky":false,"template":"","format":"standard","meta":{"footnotes":""},"categories":[597,456],"tags":[],"class_list":["post-187492","post","type-post","status-publish","format-standard","has-post-thumbnail","","category-cinta-de-noticias","category-arabe-internacional-politica"],"_links":{"self":[{"href":"https:\/\/archive.sana.sy\/es\/index.php?rest_route=\/wp\/v2\/posts\/187492"}],"collection":[{"href":"https:\/\/archive.sana.sy\/es\/index.php?rest_route=\/wp\/v2\/posts"}],"about":[{"href":"https:\/\/archive.sana.sy\/es\/index.php?rest_route=\/wp\/v2\/types\/post"}],"author":[{"embeddable":true,"href":"https:\/\/archive.sana.sy\/es\/index.php?rest_route=\/wp\/v2\/users\/34"}],"replies":[{"embeddable":true,"href":"https:\/\/archive.sana.sy\/es\/index.php?rest_route=%2Fwp%2Fv2%2Fcomments&post=187492"}],"version-history":[{"count":0,"href":"https:\/\/archive.sana.sy\/es\/index.php?rest_route=\/wp\/v2\/posts\/187492\/revisions"}],"wp:featuredmedia":[{"embeddable":true,"href":"https:\/\/archive.sana.sy\/es\/index.php?rest_route=\/wp\/v2\/media\/187493"}],"wp:attachment":[{"href":"https:\/\/archive.sana.sy\/es\/index.php?rest_route=%2Fwp%2Fv2%2Fmedia&parent=187492"}],"wp:term":[{"taxonomy":"category","embeddable":true,"href":"https:\/\/archive.sana.sy\/es\/index.php?rest_route=%2Fwp%2Fv2%2Fcategories&post=187492"},{"taxonomy":"post_tag","embeddable":true,"href":"https:\/\/archive.sana.sy\/es\/index.php?rest_route=%2Fwp%2Fv2%2Ftags&post=187492"}],"curies":[{"name":"wp","href":"https:\/\/api.w.org\/{rel}","templated":true}]}}