{"id":18752,"date":"2015-03-02T15:56:18","date_gmt":"2015-03-02T13:56:18","guid":{"rendered":"http:\/\/www.sana.sy\/es\/?p=18752"},"modified":"2015-03-02T15:56:18","modified_gmt":"2015-03-02T13:56:18","slug":"abdulahhian-fortalecer-el-dialogo-politico-y-la-no-intervencion-extranjera-representan-la-politica-externa-de-teheran-hacia-las-situaciones-en-siria-y-bahrein","status":"publish","type":"post","link":"https:\/\/archive.sana.sy\/es\/?p=18752","title":{"rendered":"Abdulahhian: fortalecer el di\u00e1logo pol\u00edtico y la no intervenci\u00f3n extranjera representan la pol\u00edtica externa de Teher\u00e1n hacia las situaciones en Siria y Bahr\u00e9in"},"content":{"rendered":"<p><span style=\"color: #ff0000\">Teher\u00e1n, SANA<\/span><\/p>\n<p>El viceministro del Exterior para los Asuntos \u00e1rabes y africanos Hussein Amir Abdulahhian afirm\u00f3 que fortalecer el di\u00e1logo pol\u00edtico y la no intervenci\u00f3n externa representan la pol\u00edtica externa de Teher\u00e1n hacia la situaci\u00f3n en Siria y Bahr\u00e9in.<\/p>\n<p>Y sobre la coalici\u00f3n occidental contra los organizaciones terroristas Abdulahhian dijo que Am\u00e9rica adopta la pol\u00edtica de doble cara en el enfrentamiento a los terroristas, porque por una parte forma \u00a0una coalici\u00f3n para combatirlos y por otro lado dirige estas organizaciones y los apoya pr\u00e1cticamente.<\/p>\n<p>El mismo se\u00f1al\u00f3\u00a0 la clara contradicci\u00f3n en la pol\u00edtica externa de los Estados Unidos hacia los terroristas, a\u00f1adiendo\u00a0 que los aviones estadounidenses asestaron golpes a sitios fuera el marco de la presencia de los terroristas, y cuando uno les pregunta\u00a0 sobre eso responden \u00a0que se trataba de \u00a0un error de c\u00e1lculos.<\/p>\n<p><span style=\"color: #00ccff\">Hala B., Ryad Sh.<\/span><\/p>\n","protected":false},"excerpt":{"rendered":"<p>Teher\u00e1n, SANA El viceministro del Exterior para los Asuntos \u00e1rabes y africanos Hussein Amir Abdulahhian afirm\u00f3 que fortalecer el di\u00e1logo pol\u00edtico y la no intervenci\u00f3n externa representan la pol\u00edtica externa de Teher\u00e1n hacia la situaci\u00f3n en Siria y Bahr\u00e9in. Y sobre la coalici\u00f3n occidental contra los organizaciones terroristas Abdulahhian dijo que Am\u00e9rica adopta la pol\u00edtica &hellip;<\/p>\n","protected":false},"author":1,"featured_media":18753,"comment_status":"closed","ping_status":"closed","sticky":false,"template":"","format":"standard","meta":{"footnotes":""},"categories":[456,576],"tags":[4255],"class_list":["post-18752","post","type-post","status-publish","format-standard","has-post-thumbnail","","category-arabe-internacional-politica","category-noticias-politicas","tag-abdulahhian-fortalecer-el-dialogo-politico-y-la-no-intervencion-extranjera-representan-la-politica-externa-de-teheran-hacia-las-situaciones-en-siria-y-bahrein"],"_links":{"self":[{"href":"https:\/\/archive.sana.sy\/es\/index.php?rest_route=\/wp\/v2\/posts\/18752"}],"collection":[{"href":"https:\/\/archive.sana.sy\/es\/index.php?rest_route=\/wp\/v2\/posts"}],"about":[{"href":"https:\/\/archive.sana.sy\/es\/index.php?rest_route=\/wp\/v2\/types\/post"}],"author":[{"embeddable":true,"href":"https:\/\/archive.sana.sy\/es\/index.php?rest_route=\/wp\/v2\/users\/1"}],"replies":[{"embeddable":true,"href":"https:\/\/archive.sana.sy\/es\/index.php?rest_route=%2Fwp%2Fv2%2Fcomments&post=18752"}],"version-history":[{"count":0,"href":"https:\/\/archive.sana.sy\/es\/index.php?rest_route=\/wp\/v2\/posts\/18752\/revisions"}],"wp:featuredmedia":[{"embeddable":true,"href":"https:\/\/archive.sana.sy\/es\/index.php?rest_route=\/wp\/v2\/media\/18753"}],"wp:attachment":[{"href":"https:\/\/archive.sana.sy\/es\/index.php?rest_route=%2Fwp%2Fv2%2Fmedia&parent=18752"}],"wp:term":[{"taxonomy":"category","embeddable":true,"href":"https:\/\/archive.sana.sy\/es\/index.php?rest_route=%2Fwp%2Fv2%2Fcategories&post=18752"},{"taxonomy":"post_tag","embeddable":true,"href":"https:\/\/archive.sana.sy\/es\/index.php?rest_route=%2Fwp%2Fv2%2Ftags&post=18752"}],"curies":[{"name":"wp","href":"https:\/\/api.w.org\/{rel}","templated":true}]}}