{"id":187676,"date":"2021-07-05T10:19:29","date_gmt":"2021-07-05T07:19:29","guid":{"rendered":"http:\/\/107.6.182.27\/es\/?p=187676"},"modified":"2023-01-10T15:14:05","modified_gmt":"2023-01-10T13:14:05","slug":"lanzan-actividades-economicas-para-impulsar-las-exportaciones-sirias","status":"publish","type":"post","link":"https:\/\/archive.sana.sy\/es\/?p=187676","title":{"rendered":"Lanzan actividades econ\u00f3micas para impulsar las exportaciones sirias"},"content":{"rendered":"<p style=\"text-align: justify;\"><strong><span style=\"color: #800000;\">Damasco, SANA<\/span><\/strong><\/p>\n<p style=\"text-align: justify;\">La Oficina Regional de la Uni\u00f3n de Exportadores e Importadores \u00c1rabes en Siria lanz\u00f3 en coordinaci\u00f3n con el Ministerio de Econom\u00eda y Comercio Exterior, varias actividades econ\u00f3micas \u00e1rabes para apoyar y revitalizar las exportaciones nacionales.<\/p>\n<p style=\"text-align: justify;\">Durante una ceremonia celebrada en el Hotel Sheraton de Damasco, se firm\u00f3 un convenio de cooperaci\u00f3n entre la Oficina y la Direcci\u00f3n de la Uni\u00f3n de Exportadores e Importadores \u00c1rabes.<\/p>\n<p style=\"text-align: justify;\">El secretario general de la Uni\u00f3n de Exportadores e Importadores \u00c1rabes, Massad Rashed, revel\u00f3 que habr\u00e1n planes de inversiones y otros para aumentar las exportaciones con el fin de superar la pobreza y el desempleo, adem\u00e1s de inversiones en la infraestructura .<\/p>\n<p style=\"text-align: justify;\">Por su parte, el Jefe Ejecutivo de la Oficina Regional de la Uni\u00f3n en Siria, Muhammad Al-Sawah, hizo hincapi\u00e9 que la oficina respaldar\u00eda el movimiento de la exportaci\u00f3n en Siria durante el pr\u00f3ximo per\u00edodo y contribuir\u00eda a eliminar los obst\u00e1culos que enfrenta en todos los pa\u00edses \u00e1rabes, especialmente los relacionados con el transporte, las remesas y la inversi\u00f3n.<\/p>\n<p style=\"text-align: justify;\">&#8220;Hemos hecho grandes preparativos para dirigir el trabajo de la oficina hacia direcciones que beneficien a Siria e invertir todas las energ\u00edas en el pa\u00eds, ya sea a nivel del sector privado o gubernamental, declar\u00f3 Muhammad Samer Al-Khalil, el ministro de Econom\u00eda y Comercio Exterior.<\/p>\n<p style=\"text-align: justify;\">La Oficina Regional de la Uni\u00f3n de Exportadores e Importadores \u00c1rabes en Siria es una organizaci\u00f3n \u00e1rabe internacional sin fines de lucro y se cre\u00f3 en Damasco en 2008.<\/p>\n<div id='gallery-1' class='gallery galleryid-187676 gallery-columns-1 gallery-size-full'><figure class='gallery-item'>\n\t\t\t<div class='gallery-icon landscape'>\n\t\t\t\t<a href='https:\/\/archive.sana.sy\/es\/?attachment_id=187679'><img loading=\"lazy\" decoding=\"async\" width=\"2560\" height=\"1704\" src=\"https:\/\/archive.sana.sy\/es\/wp-content\/uploads\/2021\/07\/DSC_2501-scaled.jpg\" class=\"attachment-full size-full\" alt=\"\" srcset=\"https:\/\/archive.sana.sy\/es\/wp-content\/uploads\/2021\/07\/DSC_2501-scaled.jpg 2560w, https:\/\/archive.sana.sy\/es\/wp-content\/uploads\/2021\/07\/DSC_2501-300x200.jpg 300w, https:\/\/archive.sana.sy\/es\/wp-content\/uploads\/2021\/07\/DSC_2501-1024x682.jpg 1024w, https:\/\/archive.sana.sy\/es\/wp-content\/uploads\/2021\/07\/DSC_2501-150x100.jpg 150w, https:\/\/archive.sana.sy\/es\/wp-content\/uploads\/2021\/07\/DSC_2501-768x511.jpg 768w, https:\/\/archive.sana.sy\/es\/wp-content\/uploads\/2021\/07\/DSC_2501-1536x1022.jpg 1536w, https:\/\/archive.sana.sy\/es\/wp-content\/uploads\/2021\/07\/DSC_2501-2048x1363.jpg 2048w, https:\/\/archive.sana.sy\/es\/wp-content\/uploads\/2021\/07\/DSC_2501-310x205.jpg 310w\" sizes=\"(max-width: 2560px) 100vw, 2560px\" \/><\/a>\n\t\t\t<\/div><\/figure><figure class='gallery-item'>\n\t\t\t<div class='gallery-icon landscape'>\n\t\t\t\t<a href='https:\/\/archive.sana.sy\/es\/?attachment_id=187680'><img loading=\"lazy\" decoding=\"async\" width=\"2560\" height=\"1704\" src=\"https:\/\/archive.sana.sy\/es\/wp-content\/uploads\/2021\/07\/DSC_2502-scaled.jpg\" class=\"attachment-full size-full\" alt=\"\" srcset=\"https:\/\/archive.sana.sy\/es\/wp-content\/uploads\/2021\/07\/DSC_2502-scaled.jpg 2560w, https:\/\/archive.sana.sy\/es\/wp-content\/uploads\/2021\/07\/DSC_2502-300x200.jpg 300w, https:\/\/archive.sana.sy\/es\/wp-content\/uploads\/2021\/07\/DSC_2502-1024x682.jpg 1024w, https:\/\/archive.sana.sy\/es\/wp-content\/uploads\/2021\/07\/DSC_2502-150x100.jpg 150w, https:\/\/archive.sana.sy\/es\/wp-content\/uploads\/2021\/07\/DSC_2502-768x511.jpg 768w, https:\/\/archive.sana.sy\/es\/wp-content\/uploads\/2021\/07\/DSC_2502-1536x1022.jpg 1536w, https:\/\/archive.sana.sy\/es\/wp-content\/uploads\/2021\/07\/DSC_2502-2048x1363.jpg 2048w, https:\/\/archive.sana.sy\/es\/wp-content\/uploads\/2021\/07\/DSC_2502-310x205.jpg 310w\" sizes=\"(max-width: 2560px) 100vw, 2560px\" \/><\/a>\n\t\t\t<\/div><\/figure><figure class='gallery-item'>\n\t\t\t<div class='gallery-icon landscape'>\n\t\t\t\t<a href='https:\/\/archive.sana.sy\/es\/?attachment_id=187681'><img loading=\"lazy\" decoding=\"async\" width=\"2560\" height=\"1704\" src=\"https:\/\/archive.sana.sy\/es\/wp-content\/uploads\/2021\/07\/DSC_2518-scaled.jpg\" class=\"attachment-full size-full\" alt=\"\" srcset=\"https:\/\/archive.sana.sy\/es\/wp-content\/uploads\/2021\/07\/DSC_2518-scaled.jpg 2560w, https:\/\/archive.sana.sy\/es\/wp-content\/uploads\/2021\/07\/DSC_2518-300x200.jpg 300w, https:\/\/archive.sana.sy\/es\/wp-content\/uploads\/2021\/07\/DSC_2518-1024x682.jpg 1024w, https:\/\/archive.sana.sy\/es\/wp-content\/uploads\/2021\/07\/DSC_2518-150x100.jpg 150w, https:\/\/archive.sana.sy\/es\/wp-content\/uploads\/2021\/07\/DSC_2518-768x511.jpg 768w, https:\/\/archive.sana.sy\/es\/wp-content\/uploads\/2021\/07\/DSC_2518-1536x1022.jpg 1536w, https:\/\/archive.sana.sy\/es\/wp-content\/uploads\/2021\/07\/DSC_2518-2048x1363.jpg 2048w, https:\/\/archive.sana.sy\/es\/wp-content\/uploads\/2021\/07\/DSC_2518-310x205.jpg 310w\" sizes=\"(max-width: 2560px) 100vw, 2560px\" \/><\/a>\n\t\t\t<\/div><\/figure><figure class='gallery-item'>\n\t\t\t<div class='gallery-icon landscape'>\n\t\t\t\t<a href='https:\/\/archive.sana.sy\/es\/?attachment_id=187682'><img loading=\"lazy\" decoding=\"async\" width=\"2560\" height=\"1704\" src=\"https:\/\/archive.sana.sy\/es\/wp-content\/uploads\/2021\/07\/DSC_2530-scaled.jpg\" class=\"attachment-full size-full\" alt=\"\" srcset=\"https:\/\/archive.sana.sy\/es\/wp-content\/uploads\/2021\/07\/DSC_2530-scaled.jpg 2560w, https:\/\/archive.sana.sy\/es\/wp-content\/uploads\/2021\/07\/DSC_2530-300x200.jpg 300w, https:\/\/archive.sana.sy\/es\/wp-content\/uploads\/2021\/07\/DSC_2530-1024x682.jpg 1024w, https:\/\/archive.sana.sy\/es\/wp-content\/uploads\/2021\/07\/DSC_2530-150x100.jpg 150w, https:\/\/archive.sana.sy\/es\/wp-content\/uploads\/2021\/07\/DSC_2530-768x511.jpg 768w, https:\/\/archive.sana.sy\/es\/wp-content\/uploads\/2021\/07\/DSC_2530-1536x1022.jpg 1536w, https:\/\/archive.sana.sy\/es\/wp-content\/uploads\/2021\/07\/DSC_2530-2048x1363.jpg 2048w, https:\/\/archive.sana.sy\/es\/wp-content\/uploads\/2021\/07\/DSC_2530-310x205.jpg 310w\" sizes=\"(max-width: 2560px) 100vw, 2560px\" \/><\/a>\n\t\t\t<\/div><\/figure><figure class='gallery-item'>\n\t\t\t<div class='gallery-icon landscape'>\n\t\t\t\t<a href='https:\/\/archive.sana.sy\/es\/?attachment_id=187683'><img loading=\"lazy\" decoding=\"async\" width=\"2560\" height=\"1704\" src=\"https:\/\/archive.sana.sy\/es\/wp-content\/uploads\/2021\/07\/DSC_2534-scaled.jpg\" class=\"attachment-full size-full\" alt=\"\" srcset=\"https:\/\/archive.sana.sy\/es\/wp-content\/uploads\/2021\/07\/DSC_2534-scaled.jpg 2560w, https:\/\/archive.sana.sy\/es\/wp-content\/uploads\/2021\/07\/DSC_2534-300x200.jpg 300w, https:\/\/archive.sana.sy\/es\/wp-content\/uploads\/2021\/07\/DSC_2534-1024x682.jpg 1024w, https:\/\/archive.sana.sy\/es\/wp-content\/uploads\/2021\/07\/DSC_2534-150x100.jpg 150w, https:\/\/archive.sana.sy\/es\/wp-content\/uploads\/2021\/07\/DSC_2534-768x511.jpg 768w, https:\/\/archive.sana.sy\/es\/wp-content\/uploads\/2021\/07\/DSC_2534-1536x1022.jpg 1536w, https:\/\/archive.sana.sy\/es\/wp-content\/uploads\/2021\/07\/DSC_2534-2048x1363.jpg 2048w, https:\/\/archive.sana.sy\/es\/wp-content\/uploads\/2021\/07\/DSC_2534-310x205.jpg 310w\" sizes=\"(max-width: 2560px) 100vw, 2560px\" \/><\/a>\n\t\t\t<\/div><\/figure><figure class='gallery-item'>\n\t\t\t<div class='gallery-icon landscape'>\n\t\t\t\t<a href='https:\/\/archive.sana.sy\/es\/?attachment_id=187685'><img loading=\"lazy\" decoding=\"async\" width=\"2560\" height=\"1704\" src=\"https:\/\/archive.sana.sy\/es\/wp-content\/uploads\/2021\/07\/DSC_2540-scaled.jpg\" class=\"attachment-full size-full\" alt=\"\" srcset=\"https:\/\/archive.sana.sy\/es\/wp-content\/uploads\/2021\/07\/DSC_2540-scaled.jpg 2560w, https:\/\/archive.sana.sy\/es\/wp-content\/uploads\/2021\/07\/DSC_2540-300x200.jpg 300w, https:\/\/archive.sana.sy\/es\/wp-content\/uploads\/2021\/07\/DSC_2540-1024x682.jpg 1024w, https:\/\/archive.sana.sy\/es\/wp-content\/uploads\/2021\/07\/DSC_2540-150x100.jpg 150w, https:\/\/archive.sana.sy\/es\/wp-content\/uploads\/2021\/07\/DSC_2540-768x511.jpg 768w, https:\/\/archive.sana.sy\/es\/wp-content\/uploads\/2021\/07\/DSC_2540-1536x1022.jpg 1536w, https:\/\/archive.sana.sy\/es\/wp-content\/uploads\/2021\/07\/DSC_2540-2048x1363.jpg 2048w, https:\/\/archive.sana.sy\/es\/wp-content\/uploads\/2021\/07\/DSC_2540-310x205.jpg 310w\" sizes=\"(max-width: 2560px) 100vw, 2560px\" \/><\/a>\n\t\t\t<\/div><\/figure><figure class='gallery-item'>\n\t\t\t<div class='gallery-icon landscape'>\n\t\t\t\t<a href='https:\/\/archive.sana.sy\/es\/?attachment_id=187686'><img loading=\"lazy\" decoding=\"async\" width=\"2560\" height=\"1436\" src=\"https:\/\/archive.sana.sy\/es\/wp-content\/uploads\/2021\/07\/DSC_2547-scaled.jpg\" class=\"attachment-full size-full\" alt=\"\" srcset=\"https:\/\/archive.sana.sy\/es\/wp-content\/uploads\/2021\/07\/DSC_2547-scaled.jpg 2560w, https:\/\/archive.sana.sy\/es\/wp-content\/uploads\/2021\/07\/DSC_2547-300x168.jpg 300w, https:\/\/archive.sana.sy\/es\/wp-content\/uploads\/2021\/07\/DSC_2547-1024x575.jpg 1024w, https:\/\/archive.sana.sy\/es\/wp-content\/uploads\/2021\/07\/DSC_2547-150x84.jpg 150w, https:\/\/archive.sana.sy\/es\/wp-content\/uploads\/2021\/07\/DSC_2547-768x431.jpg 768w, https:\/\/archive.sana.sy\/es\/wp-content\/uploads\/2021\/07\/DSC_2547-1536x862.jpg 1536w, https:\/\/archive.sana.sy\/es\/wp-content\/uploads\/2021\/07\/DSC_2547-2048x1149.jpg 2048w\" sizes=\"(max-width: 2560px) 100vw, 2560px\" \/><\/a>\n\t\t\t<\/div><\/figure><figure class='gallery-item'>\n\t\t\t<div class='gallery-icon landscape'>\n\t\t\t\t<a href='https:\/\/archive.sana.sy\/es\/?attachment_id=187688'><img loading=\"lazy\" decoding=\"async\" width=\"2560\" height=\"1704\" src=\"https:\/\/archive.sana.sy\/es\/wp-content\/uploads\/2021\/07\/DSC_2581-scaled.jpg\" class=\"attachment-full size-full\" alt=\"\" srcset=\"https:\/\/archive.sana.sy\/es\/wp-content\/uploads\/2021\/07\/DSC_2581-scaled.jpg 2560w, https:\/\/archive.sana.sy\/es\/wp-content\/uploads\/2021\/07\/DSC_2581-300x200.jpg 300w, https:\/\/archive.sana.sy\/es\/wp-content\/uploads\/2021\/07\/DSC_2581-1024x682.jpg 1024w, https:\/\/archive.sana.sy\/es\/wp-content\/uploads\/2021\/07\/DSC_2581-150x100.jpg 150w, https:\/\/archive.sana.sy\/es\/wp-content\/uploads\/2021\/07\/DSC_2581-768x511.jpg 768w, https:\/\/archive.sana.sy\/es\/wp-content\/uploads\/2021\/07\/DSC_2581-1536x1022.jpg 1536w, https:\/\/archive.sana.sy\/es\/wp-content\/uploads\/2021\/07\/DSC_2581-2048x1363.jpg 2048w, https:\/\/archive.sana.sy\/es\/wp-content\/uploads\/2021\/07\/DSC_2581-310x205.jpg 310w\" sizes=\"(max-width: 2560px) 100vw, 2560px\" \/><\/a>\n\t\t\t<\/div><\/figure><figure class='gallery-item'>\n\t\t\t<div class='gallery-icon landscape'>\n\t\t\t\t<a href='https:\/\/archive.sana.sy\/es\/?attachment_id=187689'><img loading=\"lazy\" decoding=\"async\" width=\"2560\" height=\"1704\" src=\"https:\/\/archive.sana.sy\/es\/wp-content\/uploads\/2021\/07\/DSC_2587-scaled.jpg\" class=\"attachment-full size-full\" alt=\"\" srcset=\"https:\/\/archive.sana.sy\/es\/wp-content\/uploads\/2021\/07\/DSC_2587-scaled.jpg 2560w, https:\/\/archive.sana.sy\/es\/wp-content\/uploads\/2021\/07\/DSC_2587-300x200.jpg 300w, https:\/\/archive.sana.sy\/es\/wp-content\/uploads\/2021\/07\/DSC_2587-1024x682.jpg 1024w, https:\/\/archive.sana.sy\/es\/wp-content\/uploads\/2021\/07\/DSC_2587-150x100.jpg 150w, https:\/\/archive.sana.sy\/es\/wp-content\/uploads\/2021\/07\/DSC_2587-768x511.jpg 768w, https:\/\/archive.sana.sy\/es\/wp-content\/uploads\/2021\/07\/DSC_2587-1536x1022.jpg 1536w, https:\/\/archive.sana.sy\/es\/wp-content\/uploads\/2021\/07\/DSC_2587-2048x1363.jpg 2048w, https:\/\/archive.sana.sy\/es\/wp-content\/uploads\/2021\/07\/DSC_2587-310x205.jpg 310w\" sizes=\"(max-width: 2560px) 100vw, 2560px\" \/><\/a>\n\t\t\t<\/div><\/figure><figure class='gallery-item'>\n\t\t\t<div class='gallery-icon landscape'>\n\t\t\t\t<a href='https:\/\/archive.sana.sy\/es\/?attachment_id=187690'><img loading=\"lazy\" decoding=\"async\" width=\"2560\" height=\"1704\" src=\"https:\/\/archive.sana.sy\/es\/wp-content\/uploads\/2021\/07\/DSC_2596-scaled.jpg\" class=\"attachment-full size-full\" alt=\"\" srcset=\"https:\/\/archive.sana.sy\/es\/wp-content\/uploads\/2021\/07\/DSC_2596-scaled.jpg 2560w, https:\/\/archive.sana.sy\/es\/wp-content\/uploads\/2021\/07\/DSC_2596-300x200.jpg 300w, https:\/\/archive.sana.sy\/es\/wp-content\/uploads\/2021\/07\/DSC_2596-1024x682.jpg 1024w, https:\/\/archive.sana.sy\/es\/wp-content\/uploads\/2021\/07\/DSC_2596-150x100.jpg 150w, https:\/\/archive.sana.sy\/es\/wp-content\/uploads\/2021\/07\/DSC_2596-768x511.jpg 768w, https:\/\/archive.sana.sy\/es\/wp-content\/uploads\/2021\/07\/DSC_2596-1536x1022.jpg 1536w, https:\/\/archive.sana.sy\/es\/wp-content\/uploads\/2021\/07\/DSC_2596-2048x1363.jpg 2048w, https:\/\/archive.sana.sy\/es\/wp-content\/uploads\/2021\/07\/DSC_2596-310x205.jpg 310w\" sizes=\"(max-width: 2560px) 100vw, 2560px\" \/><\/a>\n\t\t\t<\/div><\/figure>\n\t\t<\/div>\n\n<p style=\"text-align: justify;\"><span style=\"color: #0000ff;\"><strong>ws\/fm<\/strong><\/span><\/p>\n","protected":false},"excerpt":{"rendered":"<p>Damasco, SANA La Oficina Regional de la Uni\u00f3n de Exportadores e Importadores \u00c1rabes en Siria lanz\u00f3 en coordinaci\u00f3n con el Ministerio de Econom\u00eda y Comercio Exterior, varias actividades econ\u00f3micas \u00e1rabes para apoyar y revitalizar las exportaciones nacionales. Durante una ceremonia celebrada en el Hotel Sheraton de Damasco, se firm\u00f3 un convenio de cooperaci\u00f3n entre la &hellip;<\/p>\n","protected":false},"author":35,"featured_media":187677,"comment_status":"closed","ping_status":"closed","sticky":false,"template":"","format":"standard","meta":{"footnotes":""},"categories":[597,485,7541],"tags":[],"class_list":["post-187676","post","type-post","status-publish","format-standard","has-post-thumbnail","","category-cinta-de-noticias","category-informes-negocios-y-finanzas","category-ultimas-noticias"],"_links":{"self":[{"href":"https:\/\/archive.sana.sy\/es\/index.php?rest_route=\/wp\/v2\/posts\/187676"}],"collection":[{"href":"https:\/\/archive.sana.sy\/es\/index.php?rest_route=\/wp\/v2\/posts"}],"about":[{"href":"https:\/\/archive.sana.sy\/es\/index.php?rest_route=\/wp\/v2\/types\/post"}],"author":[{"embeddable":true,"href":"https:\/\/archive.sana.sy\/es\/index.php?rest_route=\/wp\/v2\/users\/35"}],"replies":[{"embeddable":true,"href":"https:\/\/archive.sana.sy\/es\/index.php?rest_route=%2Fwp%2Fv2%2Fcomments&post=187676"}],"version-history":[{"count":0,"href":"https:\/\/archive.sana.sy\/es\/index.php?rest_route=\/wp\/v2\/posts\/187676\/revisions"}],"wp:featuredmedia":[{"embeddable":true,"href":"https:\/\/archive.sana.sy\/es\/index.php?rest_route=\/wp\/v2\/media\/187677"}],"wp:attachment":[{"href":"https:\/\/archive.sana.sy\/es\/index.php?rest_route=%2Fwp%2Fv2%2Fmedia&parent=187676"}],"wp:term":[{"taxonomy":"category","embeddable":true,"href":"https:\/\/archive.sana.sy\/es\/index.php?rest_route=%2Fwp%2Fv2%2Fcategories&post=187676"},{"taxonomy":"post_tag","embeddable":true,"href":"https:\/\/archive.sana.sy\/es\/index.php?rest_route=%2Fwp%2Fv2%2Ftags&post=187676"}],"curies":[{"name":"wp","href":"https:\/\/api.w.org\/{rel}","templated":true}]}}