{"id":187839,"date":"2021-07-06T12:28:43","date_gmt":"2021-07-06T09:28:43","guid":{"rendered":"http:\/\/107.6.182.27\/es\/?p=187839"},"modified":"2023-01-12T14:40:55","modified_gmt":"2023-01-12T12:40:55","slug":"agresiones-estadounidenses-contra-fronteras-sirio-iraquies-favorecen-a-terroristas-del-daesh","status":"publish","type":"post","link":"https:\/\/archive.sana.sy\/es\/?p=187839","title":{"rendered":"Agresiones estadounidenses contra fronteras sirio-iraqu\u00edes favorecen a terroristas del Daesh"},"content":{"rendered":"<p style=\"text-align: justify;\"><strong><span style=\"color: #800000;\">Teher\u00e1n, SANA<\/span><\/strong><\/p>\n<p style=\"text-align: justify;\">El portavoz del Ministerio de Exteriores iran\u00ed Saeed Khatibzadeh, destac\u00f3 que los repetidos ataques estadounidenses contra la zona fronteriza sirio-iraqu\u00ed apuntan contra los grupos activos en la lucha contra el terrorismo y fortalecen a los remanentes de la organizaci\u00f3n terrorista del Estado Isl\u00e1mico (Daesh en \u00e1rabe).<\/p>\n<p style=\"text-align: justify;\">&#8220;Ir\u00e1n siempre ha afirmado que el lenguaje de fuerza y amenaza no servir\u00e1 la seguridad y estabilidad en la regi\u00f3n; y Estados Unidos debe darse cuenta que no lograr\u00e1 sus objetivos en la regi\u00f3n a trav\u00e9s de la arrogancia y el acoso&#8221;, declar\u00f3 el vocero en una rueda de prensa.<\/p>\n<p style=\"text-align: justify;\">Khatibzadeh enfatiz\u00f3 que la posici\u00f3n de Ir\u00e1n sobre el acuerdo nuclear y el levantamiento del bloqueo es firme e invariable.<\/p>\n<p style=\"text-align: justify;\"><span style=\"color: #0000ff;\"><strong>ws\/fm<\/strong><\/span><\/p>\n","protected":false},"excerpt":{"rendered":"<p>Teher\u00e1n, SANA El portavoz del Ministerio de Exteriores iran\u00ed Saeed Khatibzadeh, destac\u00f3 que los repetidos ataques estadounidenses contra la zona fronteriza sirio-iraqu\u00ed apuntan contra los grupos activos en la lucha contra el terrorismo y fortalecen a los remanentes de la organizaci\u00f3n terrorista del Estado Isl\u00e1mico (Daesh en \u00e1rabe). &#8220;Ir\u00e1n siempre ha afirmado que el lenguaje &hellip;<\/p>\n","protected":false},"author":35,"featured_media":187840,"comment_status":"closed","ping_status":"closed","sticky":false,"template":"","format":"standard","meta":{"footnotes":""},"categories":[597,456,467,7541],"tags":[],"class_list":["post-187839","post","type-post","status-publish","format-standard","has-post-thumbnail","","category-cinta-de-noticias","category-arabe-internacional-politica","category-siria-y-el-mundo","category-ultimas-noticias"],"_links":{"self":[{"href":"https:\/\/archive.sana.sy\/es\/index.php?rest_route=\/wp\/v2\/posts\/187839"}],"collection":[{"href":"https:\/\/archive.sana.sy\/es\/index.php?rest_route=\/wp\/v2\/posts"}],"about":[{"href":"https:\/\/archive.sana.sy\/es\/index.php?rest_route=\/wp\/v2\/types\/post"}],"author":[{"embeddable":true,"href":"https:\/\/archive.sana.sy\/es\/index.php?rest_route=\/wp\/v2\/users\/35"}],"replies":[{"embeddable":true,"href":"https:\/\/archive.sana.sy\/es\/index.php?rest_route=%2Fwp%2Fv2%2Fcomments&post=187839"}],"version-history":[{"count":0,"href":"https:\/\/archive.sana.sy\/es\/index.php?rest_route=\/wp\/v2\/posts\/187839\/revisions"}],"wp:featuredmedia":[{"embeddable":true,"href":"https:\/\/archive.sana.sy\/es\/index.php?rest_route=\/wp\/v2\/media\/187840"}],"wp:attachment":[{"href":"https:\/\/archive.sana.sy\/es\/index.php?rest_route=%2Fwp%2Fv2%2Fmedia&parent=187839"}],"wp:term":[{"taxonomy":"category","embeddable":true,"href":"https:\/\/archive.sana.sy\/es\/index.php?rest_route=%2Fwp%2Fv2%2Fcategories&post=187839"},{"taxonomy":"post_tag","embeddable":true,"href":"https:\/\/archive.sana.sy\/es\/index.php?rest_route=%2Fwp%2Fv2%2Ftags&post=187839"}],"curies":[{"name":"wp","href":"https:\/\/api.w.org\/{rel}","templated":true}]}}