{"id":187842,"date":"2021-07-06T13:04:37","date_gmt":"2021-07-06T10:04:37","guid":{"rendered":"http:\/\/107.6.182.27\/es\/?p=187842"},"modified":"2023-01-12T14:40:55","modified_gmt":"2023-01-12T12:40:55","slug":"mujer-palestina-resulta-herida-por-agresion-de-colonos-israelies-en-cisjordana","status":"publish","type":"post","link":"https:\/\/archive.sana.sy\/es\/?p=187842","title":{"rendered":"Mujer palestina resulta herida por agresi\u00f3n de colonos israel\u00edes en Cisjordana"},"content":{"rendered":"<p style=\"text-align: justify;\"><strong><span style=\"color: #800000;\">Jerusal\u00e9n ocupada, SANA<\/span><\/strong><\/p>\n<p style=\"text-align: justify;\">Una mujer palestina fue lesionada hoy por ataques de colonos israel\u00edes en la ciudad de Hebr\u00f3n en Cisjordana .<\/p>\n<p style=\"text-align: justify;\">La agencia de noticias Wafa inform\u00f3 que los colonos atacaron la mujer cerca de la Mezquita de Abraham en la referida ciudad.<\/p>\n<p style=\"text-align: justify;\">Mientras tanto, decenas de palestinos resultaron heridos la v\u00edspera tras redadas de colonos israel\u00edes protegidos por los soldados israel\u00edes.<\/p>\n<p style=\"text-align: justify;\">El lunes, las fuerzas de ocupaci\u00f3n arrestaron a 12 palestinos, entre ellos un ni\u00f1o, en Cisjordania.<\/p>\n<p style=\"text-align: justify;\"><span style=\"color: #0000ff;\"><strong>ws\/fm<\/strong><\/span><\/p>\n","protected":false},"excerpt":{"rendered":"<p>Jerusal\u00e9n ocupada, SANA Una mujer palestina fue lesionada hoy por ataques de colonos israel\u00edes en la ciudad de Hebr\u00f3n en Cisjordana . La agencia de noticias Wafa inform\u00f3 que los colonos atacaron la mujer cerca de la Mezquita de Abraham en la referida ciudad. Mientras tanto, decenas de palestinos resultaron heridos la v\u00edspera tras redadas &hellip;<\/p>\n","protected":false},"author":35,"featured_media":187843,"comment_status":"closed","ping_status":"closed","sticky":false,"template":"","format":"standard","meta":{"footnotes":""},"categories":[597,456],"tags":[],"class_list":["post-187842","post","type-post","status-publish","format-standard","has-post-thumbnail","","category-cinta-de-noticias","category-arabe-internacional-politica"],"_links":{"self":[{"href":"https:\/\/archive.sana.sy\/es\/index.php?rest_route=\/wp\/v2\/posts\/187842"}],"collection":[{"href":"https:\/\/archive.sana.sy\/es\/index.php?rest_route=\/wp\/v2\/posts"}],"about":[{"href":"https:\/\/archive.sana.sy\/es\/index.php?rest_route=\/wp\/v2\/types\/post"}],"author":[{"embeddable":true,"href":"https:\/\/archive.sana.sy\/es\/index.php?rest_route=\/wp\/v2\/users\/35"}],"replies":[{"embeddable":true,"href":"https:\/\/archive.sana.sy\/es\/index.php?rest_route=%2Fwp%2Fv2%2Fcomments&post=187842"}],"version-history":[{"count":0,"href":"https:\/\/archive.sana.sy\/es\/index.php?rest_route=\/wp\/v2\/posts\/187842\/revisions"}],"wp:featuredmedia":[{"embeddable":true,"href":"https:\/\/archive.sana.sy\/es\/index.php?rest_route=\/wp\/v2\/media\/187843"}],"wp:attachment":[{"href":"https:\/\/archive.sana.sy\/es\/index.php?rest_route=%2Fwp%2Fv2%2Fmedia&parent=187842"}],"wp:term":[{"taxonomy":"category","embeddable":true,"href":"https:\/\/archive.sana.sy\/es\/index.php?rest_route=%2Fwp%2Fv2%2Fcategories&post=187842"},{"taxonomy":"post_tag","embeddable":true,"href":"https:\/\/archive.sana.sy\/es\/index.php?rest_route=%2Fwp%2Fv2%2Ftags&post=187842"}],"curies":[{"name":"wp","href":"https:\/\/api.w.org\/{rel}","templated":true}]}}