{"id":187845,"date":"2021-07-06T13:56:06","date_gmt":"2021-07-06T10:56:06","guid":{"rendered":"http:\/\/107.6.182.27\/es\/?p=187845"},"modified":"2023-01-12T14:40:55","modified_gmt":"2023-01-12T12:40:55","slug":"homs-produce-39-mil-toneladas-de-papas-fotos","status":"publish","type":"post","link":"https:\/\/archive.sana.sy\/es\/?p=187845","title":{"rendered":"Homs produce 39 mil toneladas de papas (+ fotos)"},"content":{"rendered":"<p style=\"text-align: justify\"><span style=\"color: #800000\"><strong>Homs , SANA\u00a0<\/strong><\/span><\/p>\n<p style=\"text-align: justify\">Seg\u00fan estimaciones del Ministerio de Agricultura, la provincia central de Homs producir\u00e1 este a\u00f1o 39 mil toneladas de papas.<\/p>\n<p style=\"text-align: justify\">A continuaci\u00f3n im\u00e1genes de la recogida de papas en la localidad de Mubarkieh, al sudoeste de esta provincia<\/p>\n<div id='gallery-1' class='gallery galleryid-187845 gallery-columns-1 gallery-size-full'><figure class='gallery-item'>\n\t\t\t<div class='gallery-icon landscape'>\n\t\t\t\t<a href='https:\/\/archive.sana.sy\/es\/?attachment_id=187849'><img loading=\"lazy\" decoding=\"async\" width=\"1280\" height=\"853\" src=\"https:\/\/archive.sana.sy\/es\/wp-content\/uploads\/2021\/07\/photo_2021-07-06_13-43-42-3.jpg\" class=\"attachment-full size-full\" alt=\"\" srcset=\"https:\/\/archive.sana.sy\/es\/wp-content\/uploads\/2021\/07\/photo_2021-07-06_13-43-42-3.jpg 1280w, https:\/\/archive.sana.sy\/es\/wp-content\/uploads\/2021\/07\/photo_2021-07-06_13-43-42-3-300x200.jpg 300w, https:\/\/archive.sana.sy\/es\/wp-content\/uploads\/2021\/07\/photo_2021-07-06_13-43-42-3-1024x682.jpg 1024w, https:\/\/archive.sana.sy\/es\/wp-content\/uploads\/2021\/07\/photo_2021-07-06_13-43-42-3-150x100.jpg 150w, https:\/\/archive.sana.sy\/es\/wp-content\/uploads\/2021\/07\/photo_2021-07-06_13-43-42-3-768x512.jpg 768w\" sizes=\"(max-width: 1280px) 100vw, 1280px\" \/><\/a>\n\t\t\t<\/div><\/figure><figure class='gallery-item'>\n\t\t\t<div class='gallery-icon landscape'>\n\t\t\t\t<a href='https:\/\/archive.sana.sy\/es\/?attachment_id=187847'><img loading=\"lazy\" decoding=\"async\" width=\"2560\" height=\"1707\" src=\"https:\/\/archive.sana.sy\/es\/wp-content\/uploads\/2021\/07\/DSC_7215-scaled.jpg\" class=\"attachment-full size-full\" alt=\"\" srcset=\"https:\/\/archive.sana.sy\/es\/wp-content\/uploads\/2021\/07\/DSC_7215-scaled.jpg 2560w, https:\/\/archive.sana.sy\/es\/wp-content\/uploads\/2021\/07\/DSC_7215-300x200.jpg 300w, https:\/\/archive.sana.sy\/es\/wp-content\/uploads\/2021\/07\/DSC_7215-1024x683.jpg 1024w, https:\/\/archive.sana.sy\/es\/wp-content\/uploads\/2021\/07\/DSC_7215-150x100.jpg 150w, https:\/\/archive.sana.sy\/es\/wp-content\/uploads\/2021\/07\/DSC_7215-768x512.jpg 768w, https:\/\/archive.sana.sy\/es\/wp-content\/uploads\/2021\/07\/DSC_7215-1536x1024.jpg 1536w, https:\/\/archive.sana.sy\/es\/wp-content\/uploads\/2021\/07\/DSC_7215-2048x1365.jpg 2048w\" sizes=\"(max-width: 2560px) 100vw, 2560px\" \/><\/a>\n\t\t\t<\/div><\/figure><figure class='gallery-item'>\n\t\t\t<div class='gallery-icon landscape'>\n\t\t\t\t<a href='https:\/\/archive.sana.sy\/es\/?attachment_id=187853'><img loading=\"lazy\" decoding=\"async\" width=\"1280\" height=\"853\" src=\"https:\/\/archive.sana.sy\/es\/wp-content\/uploads\/2021\/07\/photo_2021-07-06_13-43-42-1.jpg\" class=\"attachment-full size-full\" alt=\"\" srcset=\"https:\/\/archive.sana.sy\/es\/wp-content\/uploads\/2021\/07\/photo_2021-07-06_13-43-42-1.jpg 1280w, https:\/\/archive.sana.sy\/es\/wp-content\/uploads\/2021\/07\/photo_2021-07-06_13-43-42-1-300x200.jpg 300w, https:\/\/archive.sana.sy\/es\/wp-content\/uploads\/2021\/07\/photo_2021-07-06_13-43-42-1-1024x682.jpg 1024w, https:\/\/archive.sana.sy\/es\/wp-content\/uploads\/2021\/07\/photo_2021-07-06_13-43-42-1-150x100.jpg 150w, https:\/\/archive.sana.sy\/es\/wp-content\/uploads\/2021\/07\/photo_2021-07-06_13-43-42-1-768x512.jpg 768w\" sizes=\"(max-width: 1280px) 100vw, 1280px\" \/><\/a>\n\t\t\t<\/div><\/figure><figure class='gallery-item'>\n\t\t\t<div class='gallery-icon landscape'>\n\t\t\t\t<a href='https:\/\/archive.sana.sy\/es\/?attachment_id=187850'><img loading=\"lazy\" decoding=\"async\" width=\"1280\" height=\"801\" src=\"https:\/\/archive.sana.sy\/es\/wp-content\/uploads\/2021\/07\/photo_2021-07-06_13-43-43.jpg\" class=\"attachment-full size-full\" alt=\"\" srcset=\"https:\/\/archive.sana.sy\/es\/wp-content\/uploads\/2021\/07\/photo_2021-07-06_13-43-43.jpg 1280w, https:\/\/archive.sana.sy\/es\/wp-content\/uploads\/2021\/07\/photo_2021-07-06_13-43-43-300x188.jpg 300w, https:\/\/archive.sana.sy\/es\/wp-content\/uploads\/2021\/07\/photo_2021-07-06_13-43-43-1024x641.jpg 1024w, https:\/\/archive.sana.sy\/es\/wp-content\/uploads\/2021\/07\/photo_2021-07-06_13-43-43-150x94.jpg 150w, https:\/\/archive.sana.sy\/es\/wp-content\/uploads\/2021\/07\/photo_2021-07-06_13-43-43-768x481.jpg 768w\" sizes=\"(max-width: 1280px) 100vw, 1280px\" \/><\/a>\n\t\t\t<\/div><\/figure><figure class='gallery-item'>\n\t\t\t<div class='gallery-icon landscape'>\n\t\t\t\t<a href='https:\/\/archive.sana.sy\/es\/?attachment_id=187854'><img loading=\"lazy\" decoding=\"async\" width=\"1280\" height=\"772\" src=\"https:\/\/archive.sana.sy\/es\/wp-content\/uploads\/2021\/07\/photo_2021-07-06_13-43-44.jpg\" class=\"attachment-full size-full\" alt=\"\" srcset=\"https:\/\/archive.sana.sy\/es\/wp-content\/uploads\/2021\/07\/photo_2021-07-06_13-43-44.jpg 1280w, https:\/\/archive.sana.sy\/es\/wp-content\/uploads\/2021\/07\/photo_2021-07-06_13-43-44-300x181.jpg 300w, https:\/\/archive.sana.sy\/es\/wp-content\/uploads\/2021\/07\/photo_2021-07-06_13-43-44-1024x618.jpg 1024w, https:\/\/archive.sana.sy\/es\/wp-content\/uploads\/2021\/07\/photo_2021-07-06_13-43-44-150x90.jpg 150w, https:\/\/archive.sana.sy\/es\/wp-content\/uploads\/2021\/07\/photo_2021-07-06_13-43-44-768x463.jpg 768w\" sizes=\"(max-width: 1280px) 100vw, 1280px\" \/><\/a>\n\t\t\t<\/div><\/figure>\n\t\t<\/div>\n\n<p style=\"text-align: justify\">\n","protected":false},"excerpt":{"rendered":"<p>Homs , SANA\u00a0 Seg\u00fan estimaciones del Ministerio de Agricultura, la provincia central de Homs producir\u00e1 este a\u00f1o 39 mil toneladas de papas. A continuaci\u00f3n im\u00e1genes de la recogida de papas en la localidad de Mubarkieh, al sudoeste de esta provincia<\/p>\n","protected":false},"author":35,"featured_media":187848,"comment_status":"closed","ping_status":"closed","sticky":false,"template":"","format":"standard","meta":{"footnotes":""},"categories":[597,16686,485,456,476,7541],"tags":[],"class_list":["post-187845","post","type-post","status-publish","format-standard","has-post-thumbnail","","category-cinta-de-noticias","category-economia","category-informes-negocios-y-finanzas","category-arabe-internacional-politica","category-locales","category-ultimas-noticias"],"_links":{"self":[{"href":"https:\/\/archive.sana.sy\/es\/index.php?rest_route=\/wp\/v2\/posts\/187845"}],"collection":[{"href":"https:\/\/archive.sana.sy\/es\/index.php?rest_route=\/wp\/v2\/posts"}],"about":[{"href":"https:\/\/archive.sana.sy\/es\/index.php?rest_route=\/wp\/v2\/types\/post"}],"author":[{"embeddable":true,"href":"https:\/\/archive.sana.sy\/es\/index.php?rest_route=\/wp\/v2\/users\/35"}],"replies":[{"embeddable":true,"href":"https:\/\/archive.sana.sy\/es\/index.php?rest_route=%2Fwp%2Fv2%2Fcomments&post=187845"}],"version-history":[{"count":0,"href":"https:\/\/archive.sana.sy\/es\/index.php?rest_route=\/wp\/v2\/posts\/187845\/revisions"}],"wp:featuredmedia":[{"embeddable":true,"href":"https:\/\/archive.sana.sy\/es\/index.php?rest_route=\/wp\/v2\/media\/187848"}],"wp:attachment":[{"href":"https:\/\/archive.sana.sy\/es\/index.php?rest_route=%2Fwp%2Fv2%2Fmedia&parent=187845"}],"wp:term":[{"taxonomy":"category","embeddable":true,"href":"https:\/\/archive.sana.sy\/es\/index.php?rest_route=%2Fwp%2Fv2%2Fcategories&post=187845"},{"taxonomy":"post_tag","embeddable":true,"href":"https:\/\/archive.sana.sy\/es\/index.php?rest_route=%2Fwp%2Fv2%2Ftags&post=187845"}],"curies":[{"name":"wp","href":"https:\/\/api.w.org\/{rel}","templated":true}]}}