{"id":187860,"date":"2021-07-06T15:44:47","date_gmt":"2021-07-06T12:44:47","guid":{"rendered":"http:\/\/107.6.182.27\/es\/?p=187860"},"modified":"2023-01-10T15:14:04","modified_gmt":"2023-01-10T13:14:04","slug":"feria-internacional-de-petroleo-y-recursos-minerales-de-siria-arranca-este-miercoles","status":"publish","type":"post","link":"https:\/\/archive.sana.sy\/es\/?p=187860","title":{"rendered":"Feria Internacional de Petr\u00f3leo y Recursos Minerales de Siria arranca este mi\u00e9rcoles"},"content":{"rendered":"<p style=\"text-align: justify;\"><span style=\"color: #800000;\"><strong>Damasco, SANA<\/strong><\/span><\/p>\n<p style=\"text-align: justify;\">Se inaugurar\u00e1 este mi\u00e9rcoles, la segunda edici\u00f3n de la Feria Internacional de Petr\u00f3leo y Gas de Siria con la participaci\u00f3n de empresas locales, \u00e1rabes y extranjeras.<\/p>\n<p style=\"text-align: justify;\">El recinto ferial de Expo-Damasco acoge el evento del 7 al 10 de este mes.<\/p>\n<p style=\"text-align: justify;\">Participan en la feria empresas especializadas en las industrias petroleras como la producci\u00f3n y refinamiento de crudo, los servicios petroleros, mantenimiento y equipos petroleros, servicios operativos y log\u00edsticos, estudios y consultor\u00eda, adem\u00e1s de empresas productoras y comercializadoras de aceites minerales, y otras que operan en el campo de la geolog\u00eda, la riqueza mineral, y la producci\u00f3n y lavado de fosfatos.<\/p>\n<p style=\"text-align: justify;\">El director general de \u201cMashhadani International Group\u201d, organizador del evento, Khalaf Mashhadani, declar\u00f3 que el evento confirma el papel de las empresas petroleras p\u00fablicas, conjuntas y privadas en la fase de reconstrucci\u00f3n, adem\u00e1s del intercambio de experiencias, informaci\u00f3n e ideas que contribuyan a dar forma al futuro del sector energ\u00e9tico en Siria.<\/p>\n<p style=\"text-align: justify;\"><strong><span style=\"color: #0000ff;\">fm\/ed<\/span><\/strong><\/p>\n","protected":false},"excerpt":{"rendered":"<p>Damasco, SANA Se inaugurar\u00e1 este mi\u00e9rcoles, la segunda edici\u00f3n de la Feria Internacional de Petr\u00f3leo y Gas de Siria con la participaci\u00f3n de empresas locales, \u00e1rabes y extranjeras. El recinto ferial de Expo-Damasco acoge el evento del 7 al 10 de este mes. Participan en la feria empresas especializadas en las industrias petroleras como la &hellip;<\/p>\n","protected":false},"author":32,"featured_media":187861,"comment_status":"closed","ping_status":"closed","sticky":false,"template":"","format":"standard","meta":{"footnotes":""},"categories":[447,597,485,476,7541],"tags":[],"class_list":["post-187860","post","type-post","status-publish","format-standard","has-post-thumbnail","","category-local-politica","category-cinta-de-noticias","category-informes-negocios-y-finanzas","category-locales","category-ultimas-noticias"],"_links":{"self":[{"href":"https:\/\/archive.sana.sy\/es\/index.php?rest_route=\/wp\/v2\/posts\/187860"}],"collection":[{"href":"https:\/\/archive.sana.sy\/es\/index.php?rest_route=\/wp\/v2\/posts"}],"about":[{"href":"https:\/\/archive.sana.sy\/es\/index.php?rest_route=\/wp\/v2\/types\/post"}],"author":[{"embeddable":true,"href":"https:\/\/archive.sana.sy\/es\/index.php?rest_route=\/wp\/v2\/users\/32"}],"replies":[{"embeddable":true,"href":"https:\/\/archive.sana.sy\/es\/index.php?rest_route=%2Fwp%2Fv2%2Fcomments&post=187860"}],"version-history":[{"count":0,"href":"https:\/\/archive.sana.sy\/es\/index.php?rest_route=\/wp\/v2\/posts\/187860\/revisions"}],"wp:featuredmedia":[{"embeddable":true,"href":"https:\/\/archive.sana.sy\/es\/index.php?rest_route=\/wp\/v2\/media\/187861"}],"wp:attachment":[{"href":"https:\/\/archive.sana.sy\/es\/index.php?rest_route=%2Fwp%2Fv2%2Fmedia&parent=187860"}],"wp:term":[{"taxonomy":"category","embeddable":true,"href":"https:\/\/archive.sana.sy\/es\/index.php?rest_route=%2Fwp%2Fv2%2Fcategories&post=187860"},{"taxonomy":"post_tag","embeddable":true,"href":"https:\/\/archive.sana.sy\/es\/index.php?rest_route=%2Fwp%2Fv2%2Ftags&post=187860"}],"curies":[{"name":"wp","href":"https:\/\/api.w.org\/{rel}","templated":true}]}}