{"id":187863,"date":"2021-07-06T17:41:47","date_gmt":"2021-07-06T14:41:47","guid":{"rendered":"http:\/\/107.6.182.27\/es\/?p=187863"},"modified":"2021-07-06T17:42:22","modified_gmt":"2021-07-06T14:42:22","slug":"delegacion-de-la-republica-arabe-siria-llega-a-nur-sultan-para-participar-en-la-16a-ronda-de-las-reuniones-de-astana","status":"publish","type":"post","link":"https:\/\/archive.sana.sy\/es\/?p=187863","title":{"rendered":"Delegaci\u00f3n de la Rep\u00fablica \u00c1rabe Siria llega a Nur-Sultan para participar en la 16\u00aa reuni\u00f3n de Astan\u00e1"},"content":{"rendered":"<p style=\"text-align: justify\"><span style=\"color: #800000\">Nur-Sultan, SANA<\/span><\/p>\n<p style=\"text-align: justify\">La delegaci\u00f3n de la Rep\u00fablica \u00c1rabe Siria, encabezada por Ayman Susan, ministro adjunto de Relaciones Exteriores y Expatriados, ha llegado este martes a la capital kazaja de Nur-Sultan para participar en la 16\u00aa reuni\u00f3n internacional de Astan\u00e1 sobre Siria cuyas sesiones iniciar\u00e1n ma\u00f1ana y ser\u00e1n celebradas a lo largo de dos d\u00edas.<\/p>\n<p style=\"text-align: justify\">En el mismo contexto, la Canciller\u00eda kazaja anunci\u00f3 a trav\u00e9s de un comunicado que la delegaci\u00f3n rusa, presidida por Alexander Lavrentiev, enviado especial del presidente Vladimir Putin a Siria, arrib\u00f3 tambi\u00e9n a Nur-Sultan para participar en la referida cumbre.<\/p>\n<p style=\"text-align: justify\">la 15\u00aa reuni\u00f3n anterior en el marco del formato de Astan\u00e1 tuvo lugar en la ciudad rusa de Sochi, los d\u00edas 16 y 17 del pasado mes de febrero.<\/p>\n<p style=\"text-align: justify\">Cabe destacar que la actual reuni\u00f3n ten\u00eda previsto celebrarse el pasado mes de mayo, sin embargo, fue reprogramada para julio debido a la propagaci\u00f3n de la pandemia del Covid-19 en Kazajst\u00e1n.<\/p>\n<p style=\"text-align: justify\"><span style=\"color: #0000ff\"><em><strong>la<\/strong><\/em><\/span><\/p>\n","protected":false},"excerpt":{"rendered":"<p>Nur-Sultan, SANA La delegaci\u00f3n de la Rep\u00fablica \u00c1rabe Siria, encabezada por Ayman Susan, ministro adjunto de Relaciones Exteriores y Expatriados, ha llegado este martes a la capital kazaja de Nur-Sultan para participar en la 16\u00aa reuni\u00f3n internacional de Astan\u00e1 sobre Siria cuyas sesiones iniciar\u00e1n ma\u00f1ana y ser\u00e1n celebradas a lo largo de dos d\u00edas. En &hellip;<\/p>\n","protected":false},"author":24,"featured_media":187864,"comment_status":"closed","ping_status":"closed","sticky":false,"template":"","format":"standard","meta":{"footnotes":""},"categories":[597,467,7541],"tags":[],"class_list":["post-187863","post","type-post","status-publish","format-standard","has-post-thumbnail","","category-cinta-de-noticias","category-siria-y-el-mundo","category-ultimas-noticias"],"_links":{"self":[{"href":"https:\/\/archive.sana.sy\/es\/index.php?rest_route=\/wp\/v2\/posts\/187863"}],"collection":[{"href":"https:\/\/archive.sana.sy\/es\/index.php?rest_route=\/wp\/v2\/posts"}],"about":[{"href":"https:\/\/archive.sana.sy\/es\/index.php?rest_route=\/wp\/v2\/types\/post"}],"author":[{"embeddable":true,"href":"https:\/\/archive.sana.sy\/es\/index.php?rest_route=\/wp\/v2\/users\/24"}],"replies":[{"embeddable":true,"href":"https:\/\/archive.sana.sy\/es\/index.php?rest_route=%2Fwp%2Fv2%2Fcomments&post=187863"}],"version-history":[{"count":0,"href":"https:\/\/archive.sana.sy\/es\/index.php?rest_route=\/wp\/v2\/posts\/187863\/revisions"}],"wp:featuredmedia":[{"embeddable":true,"href":"https:\/\/archive.sana.sy\/es\/index.php?rest_route=\/wp\/v2\/media\/187864"}],"wp:attachment":[{"href":"https:\/\/archive.sana.sy\/es\/index.php?rest_route=%2Fwp%2Fv2%2Fmedia&parent=187863"}],"wp:term":[{"taxonomy":"category","embeddable":true,"href":"https:\/\/archive.sana.sy\/es\/index.php?rest_route=%2Fwp%2Fv2%2Fcategories&post=187863"},{"taxonomy":"post_tag","embeddable":true,"href":"https:\/\/archive.sana.sy\/es\/index.php?rest_route=%2Fwp%2Fv2%2Ftags&post=187863"}],"curies":[{"name":"wp","href":"https:\/\/api.w.org\/{rel}","templated":true}]}}