{"id":187867,"date":"2021-07-06T17:17:42","date_gmt":"2021-07-06T14:17:42","guid":{"rendered":"http:\/\/107.6.182.27\/es\/?p=187867"},"modified":"2023-01-10T14:27:45","modified_gmt":"2023-01-10T12:27:45","slug":"vicecanciller-sirio-se-reune-con-el-director-del-centro-de-estudios-arabes-e-islamicos-del-instituto-de-estudios-orientales-de-rusia","status":"publish","type":"post","link":"https:\/\/archive.sana.sy\/es\/?p=187867","title":{"rendered":"La diplomacia siria act\u00faa sobre la base del Derecho Internacional y no sobre los intereses, afirma Vicecanciller"},"content":{"rendered":"<p style=\"text-align: justify;\"><span style=\"color: #800000;\"><strong>Damasco, SANA<\/strong><\/span><\/p>\n<p style=\"text-align: justify;\">El viceministro de Exteriores y Expatriados, Bashar al-Jaafari, recibi\u00f3 hoy al profesor Vasily Kuznetsov, Director del Centro de Estudios \u00c1rabes e Isl\u00e1micos del Instituto de Estudios Orientales de la Academia de Ciencias de Rusia.<\/p>\n<p style=\"text-align: justify;\">Al-Jaafari reiter\u00f3 la disposici\u00f3n de la Canciller\u00eda siria para profundizar la cooperaci\u00f3n conjunta en el marco del intercambio de di\u00e1logo y experiencias entre investigadores sirios y expertos del instituto ruso.<\/p>\n<p style=\"text-align: justify;\">Destac\u00f3 el importante papel que desempe\u00f1\u00f3 este organismo en la formulaci\u00f3n de la pol\u00edtica exterior de la Uni\u00f3n Sovi\u00e9tica y luego de Rusia.<\/p>\n<p style=\"text-align: justify;\">El vicecanciller enfatiz\u00f3 que la diplomacia siria act\u00faa sobre la base del Derecho Internacional y los principios y no sobre los intereses.<\/p>\n<p style=\"text-align: justify;\">Ratific\u00f3 las posiciones principistas de Siria en apoyo a muchos pa\u00edses que sufren de medidas unilaterales y bloqueo econ\u00f3mico en una flagrante violaci\u00f3n de los derechos humanos.<\/p>\n<p style=\"text-align: justify;\">Por otra parte, al-Jaafari expres\u00f3 optimismo con respecto a la normalizaci\u00f3n de las relaciones \u00e1rabes con Siria.<\/p>\n<p style=\"text-align: justify;\"><span style=\"color: #0000ff;\"><em><strong>la\/fm<\/strong><\/em><\/span><\/p>\n","protected":false},"excerpt":{"rendered":"<p>Damasco, SANA El viceministro de Exteriores y Expatriados, Bashar al-Jaafari, recibi\u00f3 hoy al profesor Vasily Kuznetsov, Director del Centro de Estudios \u00c1rabes e Isl\u00e1micos del Instituto de Estudios Orientales de la Academia de Ciencias de Rusia. Al-Jaafari reiter\u00f3 la disposici\u00f3n de la Canciller\u00eda siria para profundizar la cooperaci\u00f3n conjunta en el marco del intercambio de &hellip;<\/p>\n","protected":false},"author":24,"featured_media":187868,"comment_status":"closed","ping_status":"closed","sticky":false,"template":"","format":"standard","meta":{"footnotes":""},"categories":[447,597,476,7541],"tags":[],"class_list":["post-187867","post","type-post","status-publish","format-standard","has-post-thumbnail","","category-local-politica","category-cinta-de-noticias","category-locales","category-ultimas-noticias"],"_links":{"self":[{"href":"https:\/\/archive.sana.sy\/es\/index.php?rest_route=\/wp\/v2\/posts\/187867"}],"collection":[{"href":"https:\/\/archive.sana.sy\/es\/index.php?rest_route=\/wp\/v2\/posts"}],"about":[{"href":"https:\/\/archive.sana.sy\/es\/index.php?rest_route=\/wp\/v2\/types\/post"}],"author":[{"embeddable":true,"href":"https:\/\/archive.sana.sy\/es\/index.php?rest_route=\/wp\/v2\/users\/24"}],"replies":[{"embeddable":true,"href":"https:\/\/archive.sana.sy\/es\/index.php?rest_route=%2Fwp%2Fv2%2Fcomments&post=187867"}],"version-history":[{"count":0,"href":"https:\/\/archive.sana.sy\/es\/index.php?rest_route=\/wp\/v2\/posts\/187867\/revisions"}],"wp:featuredmedia":[{"embeddable":true,"href":"https:\/\/archive.sana.sy\/es\/index.php?rest_route=\/wp\/v2\/media\/187868"}],"wp:attachment":[{"href":"https:\/\/archive.sana.sy\/es\/index.php?rest_route=%2Fwp%2Fv2%2Fmedia&parent=187867"}],"wp:term":[{"taxonomy":"category","embeddable":true,"href":"https:\/\/archive.sana.sy\/es\/index.php?rest_route=%2Fwp%2Fv2%2Fcategories&post=187867"},{"taxonomy":"post_tag","embeddable":true,"href":"https:\/\/archive.sana.sy\/es\/index.php?rest_route=%2Fwp%2Fv2%2Ftags&post=187867"}],"curies":[{"name":"wp","href":"https:\/\/api.w.org\/{rel}","templated":true}]}}