{"id":187935,"date":"2021-07-07T07:37:09","date_gmt":"2021-07-07T04:37:09","guid":{"rendered":"http:\/\/107.6.182.27\/es\/?p=187935"},"modified":"2021-07-07T08:07:28","modified_gmt":"2021-07-07T05:07:28","slug":"comenzo-en-nur-sultan-la-16a-reunion-de-astana-sobre-siria-en-la-que-participa-delegacion-siria-encabezada-por-ayman-susan-ministro-adjunto-de-exteriores-y-expatriados","status":"publish","type":"post","link":"https:\/\/archive.sana.sy\/es\/?p=187935","title":{"rendered":"Comenz\u00f3 en Nur-Sultan la 16\u00aa reuni\u00f3n de Astan\u00e1 sobre Siria en la que participa delegaci\u00f3n siria encabezada por Ayman Susan, ministro adjunto de Exteriores y Expatriados"},"content":{"rendered":"","protected":false},"excerpt":{"rendered":"","protected":false},"author":32,"featured_media":0,"comment_status":"closed","ping_status":"closed","sticky":false,"template":"","format":"standard","meta":{"footnotes":""},"categories":[1],"tags":[],"class_list":["post-187935","post","type-post","status-publish","format-standard","","category-news-not-sorted"],"_links":{"self":[{"href":"https:\/\/archive.sana.sy\/es\/index.php?rest_route=\/wp\/v2\/posts\/187935"}],"collection":[{"href":"https:\/\/archive.sana.sy\/es\/index.php?rest_route=\/wp\/v2\/posts"}],"about":[{"href":"https:\/\/archive.sana.sy\/es\/index.php?rest_route=\/wp\/v2\/types\/post"}],"author":[{"embeddable":true,"href":"https:\/\/archive.sana.sy\/es\/index.php?rest_route=\/wp\/v2\/users\/32"}],"replies":[{"embeddable":true,"href":"https:\/\/archive.sana.sy\/es\/index.php?rest_route=%2Fwp%2Fv2%2Fcomments&post=187935"}],"version-history":[{"count":0,"href":"https:\/\/archive.sana.sy\/es\/index.php?rest_route=\/wp\/v2\/posts\/187935\/revisions"}],"wp:attachment":[{"href":"https:\/\/archive.sana.sy\/es\/index.php?rest_route=%2Fwp%2Fv2%2Fmedia&parent=187935"}],"wp:term":[{"taxonomy":"category","embeddable":true,"href":"https:\/\/archive.sana.sy\/es\/index.php?rest_route=%2Fwp%2Fv2%2Fcategories&post=187935"},{"taxonomy":"post_tag","embeddable":true,"href":"https:\/\/archive.sana.sy\/es\/index.php?rest_route=%2Fwp%2Fv2%2Ftags&post=187935"}],"curies":[{"name":"wp","href":"https:\/\/api.w.org\/{rel}","templated":true}]}}