{"id":188011,"date":"2021-07-07T18:25:32","date_gmt":"2021-07-07T15:25:32","guid":{"rendered":"http:\/\/107.6.182.27\/es\/?p=188011"},"modified":"2021-07-07T18:25:32","modified_gmt":"2021-07-07T15:25:32","slug":"proxima-reunion-del-comite-de-discusion-de-la-constitucion-siria-seria-celebrada-este-verano-senala-rusia","status":"publish","type":"post","link":"https:\/\/archive.sana.sy\/es\/?p=188011","title":{"rendered":"Pr\u00f3xima reuni\u00f3n del Comit\u00e9 de Discusi\u00f3n de la Constituci\u00f3n siria ser\u00eda celebrada este verano, se\u00f1ala Rusia"},"content":{"rendered":"<p style=\"text-align: justify\"><span style=\"color: #800000\">Nur-Sultan, SANA<\/span><\/p>\n<p style=\"text-align: justify\">El enviado especial del presidente ruso para Siria, Alexander Lavrentiev, anunci\u00f3 que la pr\u00f3xima reuni\u00f3n del Comit\u00e9 de Discusi\u00f3n de la Constituci\u00f3n siria podr\u00eda celebrarse en el verano del a\u00f1o en curso.<\/p>\n<p style=\"text-align: justify\">&#8220;Lo m\u00e1s probable es que la pr\u00f3xima reuni\u00f3n del Comit\u00e9 Discusi\u00f3n de la Constituci\u00f3n siria se lleve a cabo este verano&#8221;, revel\u00f3 Lavrentiev en declaraciones hechas tras conversaciones celebradas en la capital kazaja Nur-Sultan en el marco de la 16\u00aa reuni\u00f3n de Astan\u00e1 sobre Siria.<\/p>\n<p style=\"text-align: justify\">\u201cPedimos al Enviado Especial de la ONU para Siria Geir Pedersen trabajar en esta direcci\u00f3n, y todas las delegaciones, incluida la rusa e iran\u00ed, expresaron su apoyo e inter\u00e9s en la continuaci\u00f3n de su labor\u201d, resalt\u00f3.<\/p>\n<p style=\"text-align: justify\">En otro contexto, se\u00f1al\u00f3 que Occidente a\u00fan no ha facilitado ninguna raz\u00f3n que justifique la extensi\u00f3n del mecanismo de ayuda transfronteriza a Siria.<\/p>\n<p style=\"text-align: justify\">Seg\u00fan el alto funcionario ruso, este tema fue abordado durante la reuni\u00f3n de la delegaci\u00f3n rusa con Pedersen en la capital kazaja, y confirm\u00f3 los preparativos para la visita del enviado de la ONU a Rusia a trav\u00e9s de los canales adecuados.<\/p>\n<p style=\"text-align: justify\">\n<span style=\"color: #0000ff\"><em><strong>la<\/strong><\/em><\/span><\/p>\n","protected":false},"excerpt":{"rendered":"<p>Nur-Sultan, SANA El enviado especial del presidente ruso para Siria, Alexander Lavrentiev, anunci\u00f3 que la pr\u00f3xima reuni\u00f3n del Comit\u00e9 de Discusi\u00f3n de la Constituci\u00f3n siria podr\u00eda celebrarse en el verano del a\u00f1o en curso. &#8220;Lo m\u00e1s probable es que la pr\u00f3xima reuni\u00f3n del Comit\u00e9 Discusi\u00f3n de la Constituci\u00f3n siria se lleve a cabo este verano&#8221;, &hellip;<\/p>\n","protected":false},"author":24,"featured_media":188012,"comment_status":"closed","ping_status":"closed","sticky":false,"template":"","format":"standard","meta":{"footnotes":""},"categories":[597,467,7541],"tags":[],"class_list":["post-188011","post","type-post","status-publish","format-standard","has-post-thumbnail","","category-cinta-de-noticias","category-siria-y-el-mundo","category-ultimas-noticias"],"_links":{"self":[{"href":"https:\/\/archive.sana.sy\/es\/index.php?rest_route=\/wp\/v2\/posts\/188011"}],"collection":[{"href":"https:\/\/archive.sana.sy\/es\/index.php?rest_route=\/wp\/v2\/posts"}],"about":[{"href":"https:\/\/archive.sana.sy\/es\/index.php?rest_route=\/wp\/v2\/types\/post"}],"author":[{"embeddable":true,"href":"https:\/\/archive.sana.sy\/es\/index.php?rest_route=\/wp\/v2\/users\/24"}],"replies":[{"embeddable":true,"href":"https:\/\/archive.sana.sy\/es\/index.php?rest_route=%2Fwp%2Fv2%2Fcomments&post=188011"}],"version-history":[{"count":0,"href":"https:\/\/archive.sana.sy\/es\/index.php?rest_route=\/wp\/v2\/posts\/188011\/revisions"}],"wp:featuredmedia":[{"embeddable":true,"href":"https:\/\/archive.sana.sy\/es\/index.php?rest_route=\/wp\/v2\/media\/188012"}],"wp:attachment":[{"href":"https:\/\/archive.sana.sy\/es\/index.php?rest_route=%2Fwp%2Fv2%2Fmedia&parent=188011"}],"wp:term":[{"taxonomy":"category","embeddable":true,"href":"https:\/\/archive.sana.sy\/es\/index.php?rest_route=%2Fwp%2Fv2%2Fcategories&post=188011"},{"taxonomy":"post_tag","embeddable":true,"href":"https:\/\/archive.sana.sy\/es\/index.php?rest_route=%2Fwp%2Fv2%2Ftags&post=188011"}],"curies":[{"name":"wp","href":"https:\/\/api.w.org\/{rel}","templated":true}]}}