{"id":188068,"date":"2021-07-08T08:37:25","date_gmt":"2021-07-08T05:37:25","guid":{"rendered":"http:\/\/107.6.182.27\/es\/?p=188068"},"modified":"2023-01-10T15:33:27","modified_gmt":"2023-01-10T13:33:27","slug":"titulares-de-la-agencia-sana-08-de-julio-2021","status":"publish","type":"post","link":"https:\/\/archive.sana.sy\/es\/?p=188068","title":{"rendered":"Titulares de la agencia SANA, 08 de julio 2021"},"content":{"rendered":"<p style=\"text-align: justify;\"><strong><span style=\"color: #800000;\">Damasco, SANA<\/span><\/strong><\/p>\n<p style=\"text-align: justify;\">????Comenz\u00f3 en Nur-Sultan, 16\u00aa reuni\u00f3n de Astan\u00e1 sobre Siria.<\/p>\n<p style=\"text-align: justify;\">????Delegaciones de Siria y Rusia examinan agenda de trabajo de la 16\u00aa Reuni\u00f3n en Astan\u00e1 sobre Siria.<\/p>\n<p style=\"text-align: justify;\">????Rusia reafirma que no extender\u00e1 en la ONU el mecanismo de entrega de ayuda transfronteriza en Siria.<\/p>\n<p style=\"text-align: justify;\">????Sousan se re\u00fane con Pedersen y llama a alzar la voz contra violaciones de fuerzas de ocupaci\u00f3n turcas y estadounidenses en Siria.<\/p>\n<p style=\"text-align: justify;\">????Atacan base que alberga a soldados estadounidenses, en el oeste de Irak.<\/p>\n<p style=\"text-align: justify;\">????Premiada caricatura siria que insta al di\u00e1logo y rechaza la violencia.<\/p>\n<p style=\"text-align: justify;\">????Siria e Ir\u00e1n debaten los puntos de la actual agenda de la 16\u00aa reuni\u00f3n de Astan\u00e1.<\/p>\n<p style=\"text-align: justify;\">????Aviones no tripulados atacan base ilegal de EE.UU. en el noreste sirio.<\/p>\n<p style=\"text-align: justify;\">????Proyecto \u201cHerido de la Patria\u201d concede becas universitarias a 98 militares con discapacidad total.<\/p>\n<p style=\"text-align: justify;\">????Pr\u00f3xima reuni\u00f3n del Comit\u00e9 de Discusi\u00f3n de la Constituci\u00f3n siria ser\u00eda celebrada este verano, se\u00f1ala Rusia.<\/p>\n<p style=\"text-align: justify;\">????Al-Mekdad reitera al Comisionado General de la UNRWA constante apoyo de Siria a los campamentos palestinos.<\/p>\n<p style=\"text-align: justify;\">????Delegaci\u00f3n iran\u00ed ratifica desde el Parlamento sirio su absoluto apoyo a Siria.<\/p>\n<p style=\"text-align: justify;\">????Educaci\u00f3n p\u00fablica los resultados de los examines de Bachillerato 2021.<\/p>\n<p>???? Fallece Ahmad Yebril, Secretario General del Frente Popular para la Liberaci\u00f3n de Palestina.<\/p>\n<p>????\u00a0Al-Maliki pide a la Cruz Roja que intervenga para salvar la vida del prisionero (Abu Atwan).<\/p>\n<p>???? Arnous: brindar todo lo necesario para apoyar el sector agr\u00edcola.<\/p>\n<p>???? Fijan precio del litro de gasolina de 95 octanos en tres mil libras sirias.<\/p>\n<p>????Fuerzas de ocupaci\u00f3n estadounidense incrementan su presencia ilegal en la regi\u00f3n siria de Al-Jazira.<\/p>\n<p>????Maduro exige a Washington que cese su injerencia en los asuntos internos de Venezuela.<\/p>\n<p>&nbsp;<\/p>\n","protected":false},"excerpt":{"rendered":"<p>Damasco, SANA ????Comenz\u00f3 en Nur-Sultan, 16\u00aa reuni\u00f3n de Astan\u00e1 sobre Siria. ????Delegaciones de Siria y Rusia examinan agenda de trabajo de la 16\u00aa Reuni\u00f3n en Astan\u00e1 sobre Siria. ????Rusia reafirma que no extender\u00e1 en la ONU el mecanismo de entrega de ayuda transfronteriza en Siria. ????Sousan se re\u00fane con Pedersen y llama a alzar la &hellip;<\/p>\n","protected":false},"author":32,"featured_media":185050,"comment_status":"closed","ping_status":"closed","sticky":false,"template":"","format":"standard","meta":{"footnotes":""},"categories":[447,555,597,476],"tags":[],"class_list":["post-188068","post","type-post","status-publish","format-standard","has-post-thumbnail","","category-local-politica","category-prensa","category-cinta-de-noticias","category-locales"],"_links":{"self":[{"href":"https:\/\/archive.sana.sy\/es\/index.php?rest_route=\/wp\/v2\/posts\/188068"}],"collection":[{"href":"https:\/\/archive.sana.sy\/es\/index.php?rest_route=\/wp\/v2\/posts"}],"about":[{"href":"https:\/\/archive.sana.sy\/es\/index.php?rest_route=\/wp\/v2\/types\/post"}],"author":[{"embeddable":true,"href":"https:\/\/archive.sana.sy\/es\/index.php?rest_route=\/wp\/v2\/users\/32"}],"replies":[{"embeddable":true,"href":"https:\/\/archive.sana.sy\/es\/index.php?rest_route=%2Fwp%2Fv2%2Fcomments&post=188068"}],"version-history":[{"count":0,"href":"https:\/\/archive.sana.sy\/es\/index.php?rest_route=\/wp\/v2\/posts\/188068\/revisions"}],"wp:featuredmedia":[{"embeddable":true,"href":"https:\/\/archive.sana.sy\/es\/index.php?rest_route=\/wp\/v2\/media\/185050"}],"wp:attachment":[{"href":"https:\/\/archive.sana.sy\/es\/index.php?rest_route=%2Fwp%2Fv2%2Fmedia&parent=188068"}],"wp:term":[{"taxonomy":"category","embeddable":true,"href":"https:\/\/archive.sana.sy\/es\/index.php?rest_route=%2Fwp%2Fv2%2Fcategories&post=188068"},{"taxonomy":"post_tag","embeddable":true,"href":"https:\/\/archive.sana.sy\/es\/index.php?rest_route=%2Fwp%2Fv2%2Ftags&post=188068"}],"curies":[{"name":"wp","href":"https:\/\/api.w.org\/{rel}","templated":true}]}}