{"id":188072,"date":"2021-07-08T09:27:17","date_gmt":"2021-07-08T06:27:17","guid":{"rendered":"http:\/\/107.6.182.27\/es\/?p=188072"},"modified":"2021-07-08T09:27:17","modified_gmt":"2021-07-08T06:27:17","slug":"comunidad-internacional-deberia-priorizar-la-mejora-de-la-situacion-humanitaria-en-siria-afirma-lavrentiev","status":"publish","type":"post","link":"https:\/\/archive.sana.sy\/es\/?p=188072","title":{"rendered":"Comunidad internacional deber\u00eda priorizar la mejora de la situaci\u00f3n humanitaria en Siria, afirma Lavrentiev"},"content":{"rendered":"<p style=\"text-align: justify;\"><strong><span style=\"color: #800000;\">Nur-Sultan, SANA<\/span><\/strong><\/p>\n<p style=\"text-align: justify;\">El enviado especial del presidente ruso a Siria, Alexander Lavrentiev, dijo que es necesario que la mejora de la situaci\u00f3n humanitaria en Siria sea una prioridad para la comunidad internacional y que la ayuda humanitaria sea integral y no se limita \u00fanicamente a los alimentos.<\/p>\n<p style=\"text-align: justify;\">En una declaraci\u00f3n a los periodistas al margen de la decimosexta Reuni\u00f3n de Astan\u00e1 sobre Siria en la capital de Kazajst\u00e1n, Nur-Sultan, Lavrentiev indic\u00f3 que la mayor parte de esta ayuda debe destinarse a la implementaci\u00f3n de varios proyectos vitales como la construcci\u00f3n escuelas, hospitales, entre otros.<\/p>\n<p style=\"text-align: justify;\">Por otro lado, el enviado ruso revel\u00f3 que el enviado especial del secretario general de las Naciones Unidas a Siria, Geir Pedersen, prometi\u00f3 trabajar en la fijaci\u00f3n de una posible fecha para la reuni\u00f3n del Comit\u00e9 de Discusi\u00f3n de la Constituci\u00f3n.<\/p>\n<p style=\"text-align: justify;\"><strong><span style=\"color: #0000ff;\">fm\/ed<\/span><\/strong><\/p>\n","protected":false},"excerpt":{"rendered":"<p>Nur-Sultan, SANA El enviado especial del presidente ruso a Siria, Alexander Lavrentiev, dijo que es necesario que la mejora de la situaci\u00f3n humanitaria en Siria sea una prioridad para la comunidad internacional y que la ayuda humanitaria sea integral y no se limita \u00fanicamente a los alimentos. En una declaraci\u00f3n a los periodistas al margen &hellip;<\/p>\n","protected":false},"author":32,"featured_media":188073,"comment_status":"closed","ping_status":"closed","sticky":false,"template":"","format":"standard","meta":{"footnotes":""},"categories":[597,467,7541],"tags":[],"class_list":["post-188072","post","type-post","status-publish","format-standard","has-post-thumbnail","","category-cinta-de-noticias","category-siria-y-el-mundo","category-ultimas-noticias"],"_links":{"self":[{"href":"https:\/\/archive.sana.sy\/es\/index.php?rest_route=\/wp\/v2\/posts\/188072"}],"collection":[{"href":"https:\/\/archive.sana.sy\/es\/index.php?rest_route=\/wp\/v2\/posts"}],"about":[{"href":"https:\/\/archive.sana.sy\/es\/index.php?rest_route=\/wp\/v2\/types\/post"}],"author":[{"embeddable":true,"href":"https:\/\/archive.sana.sy\/es\/index.php?rest_route=\/wp\/v2\/users\/32"}],"replies":[{"embeddable":true,"href":"https:\/\/archive.sana.sy\/es\/index.php?rest_route=%2Fwp%2Fv2%2Fcomments&post=188072"}],"version-history":[{"count":0,"href":"https:\/\/archive.sana.sy\/es\/index.php?rest_route=\/wp\/v2\/posts\/188072\/revisions"}],"wp:featuredmedia":[{"embeddable":true,"href":"https:\/\/archive.sana.sy\/es\/index.php?rest_route=\/wp\/v2\/media\/188073"}],"wp:attachment":[{"href":"https:\/\/archive.sana.sy\/es\/index.php?rest_route=%2Fwp%2Fv2%2Fmedia&parent=188072"}],"wp:term":[{"taxonomy":"category","embeddable":true,"href":"https:\/\/archive.sana.sy\/es\/index.php?rest_route=%2Fwp%2Fv2%2Fcategories&post=188072"},{"taxonomy":"post_tag","embeddable":true,"href":"https:\/\/archive.sana.sy\/es\/index.php?rest_route=%2Fwp%2Fv2%2Ftags&post=188072"}],"curies":[{"name":"wp","href":"https:\/\/api.w.org\/{rel}","templated":true}]}}