{"id":188088,"date":"2021-07-08T12:18:08","date_gmt":"2021-07-08T09:18:08","guid":{"rendered":"http:\/\/107.6.182.27\/es\/?p=188088"},"modified":"2021-07-08T13:14:25","modified_gmt":"2021-07-08T10:14:25","slug":"declaracion-final-del-decimosexta-reunion-internacional-de-astana-celebrado-en-la-capital-de-kazajstan-nur-sultan-los-estados-garantes-ratifican-su-compromiso-con-la-soberania-independencia-e-integ","status":"publish","type":"post","link":"https:\/\/archive.sana.sy\/es\/?p=188088","title":{"rendered":"Declaraci\u00f3n final del decimosexta Reuni\u00f3n Internacional de Astan\u00e1 celebrado en la capital de Kazajst\u00e1n, Nur-Sultan: Los estados garantes ratifican su compromiso con la soberan\u00eda, independencia e integridad territorial de Siria"},"content":{"rendered":"","protected":false},"excerpt":{"rendered":"","protected":false},"author":32,"featured_media":0,"comment_status":"closed","ping_status":"closed","sticky":false,"template":"","format":"standard","meta":{"footnotes":""},"categories":[1],"tags":[],"class_list":["post-188088","post","type-post","status-publish","format-standard","","category-news-not-sorted"],"_links":{"self":[{"href":"https:\/\/archive.sana.sy\/es\/index.php?rest_route=\/wp\/v2\/posts\/188088"}],"collection":[{"href":"https:\/\/archive.sana.sy\/es\/index.php?rest_route=\/wp\/v2\/posts"}],"about":[{"href":"https:\/\/archive.sana.sy\/es\/index.php?rest_route=\/wp\/v2\/types\/post"}],"author":[{"embeddable":true,"href":"https:\/\/archive.sana.sy\/es\/index.php?rest_route=\/wp\/v2\/users\/32"}],"replies":[{"embeddable":true,"href":"https:\/\/archive.sana.sy\/es\/index.php?rest_route=%2Fwp%2Fv2%2Fcomments&post=188088"}],"version-history":[{"count":0,"href":"https:\/\/archive.sana.sy\/es\/index.php?rest_route=\/wp\/v2\/posts\/188088\/revisions"}],"wp:attachment":[{"href":"https:\/\/archive.sana.sy\/es\/index.php?rest_route=%2Fwp%2Fv2%2Fmedia&parent=188088"}],"wp:term":[{"taxonomy":"category","embeddable":true,"href":"https:\/\/archive.sana.sy\/es\/index.php?rest_route=%2Fwp%2Fv2%2Fcategories&post=188088"},{"taxonomy":"post_tag","embeddable":true,"href":"https:\/\/archive.sana.sy\/es\/index.php?rest_route=%2Fwp%2Fv2%2Ftags&post=188088"}],"curies":[{"name":"wp","href":"https:\/\/api.w.org\/{rel}","templated":true}]}}