{"id":188090,"date":"2021-07-08T12:27:05","date_gmt":"2021-07-08T09:27:05","guid":{"rendered":"http:\/\/107.6.182.27\/es\/?p=188090"},"modified":"2021-07-08T12:44:48","modified_gmt":"2021-07-08T09:44:48","slug":"declaracion-final-de-la-decimosexta-reunion-internacional-de-astana-sobre-siria","status":"publish","type":"post","link":"https:\/\/archive.sana.sy\/es\/?p=188090","title":{"rendered":"Declaraci\u00f3n final de la decimosexta Reuni\u00f3n Internacional de Astan\u00e1 sobre Siria"},"content":{"rendered":"<p style=\"text-align: justify;\"><strong><span style=\"color: #800000;\">Nur-Sultan, SANA<\/span><\/strong><\/p>\n<p style=\"text-align: justify;\">La declaraci\u00f3n final emitida en la clausura de la decimosexta Reuni\u00f3n Internacional de Astan\u00e1 sobre Siria celebrado en la capital de Kazajst\u00e1n, Nur-Sultan ratific\u00f3 el compromiso de los estados garantes con la soberan\u00eda, independencia e integridad territorial de Siria.<\/p>\n<p style=\"text-align: justify;\">La nota enfatiz\u00f3 la continuaci\u00f3n de la acci\u00f3n conjunta para combatir el terrorismo en Siria hasta su erradicaci\u00f3n definitiva y rechazar las agendas separatistas destinadas a socavar la soberan\u00eda y la integridad territorial de Siria.<\/p>\n<p style=\"text-align: justify;\">Asimismo, conden\u00f3 los continuos ataques israel\u00edes contra el territorio sirio y consider\u00f3 que los mismos violan la Ley Internacional y el Derecho Humanitario, y exigi\u00f3 su cese de inmediato.<\/p>\n<p style=\"text-align: justify;\">Seg\u00fan la declaraci\u00f3n, los estados garantes reafirmaron su compromiso de avanzar en un proceso pol\u00edtico dirigido y propio de los sirios y facilitado por las Naciones Unidas, de conformidad con la Resoluci\u00f3n No. 2254 del Consejo de Seguridad de la ONU.<\/p>\n<p style=\"text-align: justify;\">El comunicado rechaz\u00f3 todas las medidas coercitivas unilaterales impuestas a Siria y consider\u00f3 que las mismas son incompatibles con el Derecho Internacional y la Carta de las Naciones Unidas, especialmente en medio del enfrentamiento a la pandemia de Covid-19.<\/p>\n<p style=\"text-align: justify;\"><strong><span style=\"color: #0000ff;\">fm\/ed<\/span><\/strong><\/p>\n","protected":false},"excerpt":{"rendered":"<p>Nur-Sultan, SANA La declaraci\u00f3n final emitida en la clausura de la decimosexta Reuni\u00f3n Internacional de Astan\u00e1 sobre Siria celebrado en la capital de Kazajst\u00e1n, Nur-Sultan ratific\u00f3 el compromiso de los estados garantes con la soberan\u00eda, independencia e integridad territorial de Siria. La nota enfatiz\u00f3 la continuaci\u00f3n de la acci\u00f3n conjunta para combatir el terrorismo en &hellip;<\/p>\n","protected":false},"author":32,"featured_media":188093,"comment_status":"closed","ping_status":"closed","sticky":false,"template":"","format":"standard","meta":{"footnotes":""},"categories":[597,467,583],"tags":[],"class_list":["post-188090","post","type-post","status-publish","format-standard","has-post-thumbnail","","category-cinta-de-noticias","category-siria-y-el-mundo","category-slide"],"_links":{"self":[{"href":"https:\/\/archive.sana.sy\/es\/index.php?rest_route=\/wp\/v2\/posts\/188090"}],"collection":[{"href":"https:\/\/archive.sana.sy\/es\/index.php?rest_route=\/wp\/v2\/posts"}],"about":[{"href":"https:\/\/archive.sana.sy\/es\/index.php?rest_route=\/wp\/v2\/types\/post"}],"author":[{"embeddable":true,"href":"https:\/\/archive.sana.sy\/es\/index.php?rest_route=\/wp\/v2\/users\/32"}],"replies":[{"embeddable":true,"href":"https:\/\/archive.sana.sy\/es\/index.php?rest_route=%2Fwp%2Fv2%2Fcomments&post=188090"}],"version-history":[{"count":0,"href":"https:\/\/archive.sana.sy\/es\/index.php?rest_route=\/wp\/v2\/posts\/188090\/revisions"}],"wp:featuredmedia":[{"embeddable":true,"href":"https:\/\/archive.sana.sy\/es\/index.php?rest_route=\/wp\/v2\/media\/188093"}],"wp:attachment":[{"href":"https:\/\/archive.sana.sy\/es\/index.php?rest_route=%2Fwp%2Fv2%2Fmedia&parent=188090"}],"wp:term":[{"taxonomy":"category","embeddable":true,"href":"https:\/\/archive.sana.sy\/es\/index.php?rest_route=%2Fwp%2Fv2%2Fcategories&post=188090"},{"taxonomy":"post_tag","embeddable":true,"href":"https:\/\/archive.sana.sy\/es\/index.php?rest_route=%2Fwp%2Fv2%2Ftags&post=188090"}],"curies":[{"name":"wp","href":"https:\/\/api.w.org\/{rel}","templated":true}]}}