{"id":188094,"date":"2021-07-08T12:55:25","date_gmt":"2021-07-08T09:55:25","guid":{"rendered":"http:\/\/107.6.182.27\/es\/?p=188094"},"modified":"2021-07-08T12:55:25","modified_gmt":"2021-07-08T09:55:25","slug":"sousan-la-ocupacion-estadounidense-y-turca-es-el-principal-causante-de-la-prolongacion-de-la-crisis-en-siria","status":"publish","type":"post","link":"https:\/\/archive.sana.sy\/es\/?p=188094","title":{"rendered":"Sousan: la ocupaci\u00f3n estadounidense y turca es el principal causante de la prolongaci\u00f3n de la crisis en Siria"},"content":{"rendered":"<p style=\"text-align: justify;\"><strong><span style=\"color: #800000;\">Nur-Sultan, SANA<\/span><\/strong><\/p>\n<p style=\"text-align: justify;\">El ministro asistente de Exteriores y Expatriados, y jefe de la delegaci\u00f3n siria a la decimosexta Reuni\u00f3n Internacional de Astan\u00e1 sobre Siria, Ayman Sousan, denunci\u00f3 que algunos pa\u00edses a\u00fan hacen caso omiso a la voluntad de los sirios y contin\u00faan sus pr\u00e1cticas agresivas.<\/p>\n<p style=\"text-align: justify;\">El r\u00e9gimen turco sigue apoyando a las organizaciones terroristas en Siria en violaci\u00f3n de la Carta de las Naciones Unidas y los entendimientos de Astan\u00e1, dijo Sousan en una conferencia de prensa celebrada en la clausura de la cita.<\/p>\n<p style=\"text-align: justify;\">Aclar\u00f3 que la ocupaci\u00f3n estadounidense y turca de partes del territorio sirio es el principal causante de la prolongaci\u00f3n de la crisis en Siria, y denunci\u00f3 que los ocupantes contin\u00faan saqueando las riquezas de los sirios.<\/p>\n<p style=\"text-align: justify;\">Seg\u00fan el diplom\u00e1tico, la fren\u00e9tica campa\u00f1a sobre la situaci\u00f3n humanitaria en Siria representa la peor forma de hipocres\u00eda, y sus protagonistas niegan reconocer que son la principal causa del sufrimiento de los sirios como consecuencia de su apoyo al terrorismo.<\/p>\n<p style=\"text-align: justify;\">&#8220;Quieren transformar la ayuda de una herramienta para aliviar el sufrimiento de los sirios a un instrumento de apoyo al terrorismo&#8221;, remarc\u00f3.<\/p>\n<p style=\"text-align: justify;\">Asimismo, se refiri\u00f3 al corte del agua por parte del r\u00e9gimen turco a m\u00e1s de un mill\u00f3n de sirios en Hasakeh y lo calific\u00f3 de un crimen de guerra y un genocidio.<\/p>\n<p style=\"text-align: justify;\">Por otro lado, el ministro adjunto rechaz\u00f3 cualquier injerencia externa en el trabajo del Comit\u00e9 de Discusi\u00f3n de la Constituci\u00f3n, y reafirm\u00f3 que la delegaci\u00f3n nacional siempre ha sido constructiva y positiva en sus propuestas, y la otra delegaci\u00f3n pone obst\u00e1culos.<\/p>\n<p style=\"text-align: justify;\"><strong><span style=\"color: #0000ff;\">fm\/ed<\/span><\/strong><\/p>\n","protected":false},"excerpt":{"rendered":"<p>Nur-Sultan, SANA El ministro asistente de Exteriores y Expatriados, y jefe de la delegaci\u00f3n siria a la decimosexta Reuni\u00f3n Internacional de Astan\u00e1 sobre Siria, Ayman Sousan, denunci\u00f3 que algunos pa\u00edses a\u00fan hacen caso omiso a la voluntad de los sirios y contin\u00faan sus pr\u00e1cticas agresivas. El r\u00e9gimen turco sigue apoyando a las organizaciones terroristas en &hellip;<\/p>\n","protected":false},"author":32,"featured_media":188095,"comment_status":"closed","ping_status":"closed","sticky":false,"template":"","format":"standard","meta":{"footnotes":""},"categories":[597,467,7541],"tags":[],"class_list":["post-188094","post","type-post","status-publish","format-standard","has-post-thumbnail","","category-cinta-de-noticias","category-siria-y-el-mundo","category-ultimas-noticias"],"_links":{"self":[{"href":"https:\/\/archive.sana.sy\/es\/index.php?rest_route=\/wp\/v2\/posts\/188094"}],"collection":[{"href":"https:\/\/archive.sana.sy\/es\/index.php?rest_route=\/wp\/v2\/posts"}],"about":[{"href":"https:\/\/archive.sana.sy\/es\/index.php?rest_route=\/wp\/v2\/types\/post"}],"author":[{"embeddable":true,"href":"https:\/\/archive.sana.sy\/es\/index.php?rest_route=\/wp\/v2\/users\/32"}],"replies":[{"embeddable":true,"href":"https:\/\/archive.sana.sy\/es\/index.php?rest_route=%2Fwp%2Fv2%2Fcomments&post=188094"}],"version-history":[{"count":0,"href":"https:\/\/archive.sana.sy\/es\/index.php?rest_route=\/wp\/v2\/posts\/188094\/revisions"}],"wp:featuredmedia":[{"embeddable":true,"href":"https:\/\/archive.sana.sy\/es\/index.php?rest_route=\/wp\/v2\/media\/188095"}],"wp:attachment":[{"href":"https:\/\/archive.sana.sy\/es\/index.php?rest_route=%2Fwp%2Fv2%2Fmedia&parent=188094"}],"wp:term":[{"taxonomy":"category","embeddable":true,"href":"https:\/\/archive.sana.sy\/es\/index.php?rest_route=%2Fwp%2Fv2%2Fcategories&post=188094"},{"taxonomy":"post_tag","embeddable":true,"href":"https:\/\/archive.sana.sy\/es\/index.php?rest_route=%2Fwp%2Fv2%2Ftags&post=188094"}],"curies":[{"name":"wp","href":"https:\/\/api.w.org\/{rel}","templated":true}]}}