{"id":188097,"date":"2021-07-08T08:37:22","date_gmt":"2021-07-08T05:37:22","guid":{"rendered":"http:\/\/107.6.182.27\/es\/?p=188097"},"modified":"2021-07-08T14:28:55","modified_gmt":"2021-07-08T11:28:55","slug":"campos-de-girasol-en-rastan-homs-fotos","status":"publish","type":"post","link":"https:\/\/archive.sana.sy\/es\/?p=188097","title":{"rendered":"Campos de girasol en Rastan\/Homs (+ fotos)"},"content":{"rendered":"<p style=\"text-align: justify;\"><strong><span style=\"color: #800000;\">Homs, SANA<\/span><\/strong><\/p>\n<p style=\"text-align: justify;\">La siembra de girasoles floreci\u00f3 en los \u00faltimos a\u00f1os en la liberada localidad de Rastan, en el norte de la provincia de Homs, ubicada a 162 kil\u00f3metros al norte de la capital Damasco.<\/p>\n<p style=\"text-align: justify;\">Las \u00e1reas cultivadas con girasol este a\u00f1o ascienden a 50 hect\u00e1reas, seg\u00fan las estimaciones del Departamento Provincial de Agricultura.<\/p>\n<p style=\"text-align: justify;\"><strong><span style=\"color: #0000ff;\">ed\/fm<\/span><\/strong><\/p>\n<div id='gallery-1' class='gallery galleryid-188097 gallery-columns-1 gallery-size-full'><figure class='gallery-item'>\n\t\t\t<div class='gallery-icon landscape'>\n\t\t\t\t<a href='https:\/\/archive.sana.sy\/es\/wp-content\/uploads\/2021\/07\/photo_2021-07-07_21-08-56-1-scaled.jpg'><img loading=\"lazy\" decoding=\"async\" width=\"2560\" height=\"1736\" src=\"https:\/\/archive.sana.sy\/es\/wp-content\/uploads\/2021\/07\/photo_2021-07-07_21-08-56-1-scaled.jpg\" class=\"attachment-full size-full\" alt=\"\" srcset=\"https:\/\/archive.sana.sy\/es\/wp-content\/uploads\/2021\/07\/photo_2021-07-07_21-08-56-1-scaled.jpg 2560w, https:\/\/archive.sana.sy\/es\/wp-content\/uploads\/2021\/07\/photo_2021-07-07_21-08-56-1-300x203.jpg 300w, https:\/\/archive.sana.sy\/es\/wp-content\/uploads\/2021\/07\/photo_2021-07-07_21-08-56-1-1024x694.jpg 1024w, https:\/\/archive.sana.sy\/es\/wp-content\/uploads\/2021\/07\/photo_2021-07-07_21-08-56-1-150x102.jpg 150w, https:\/\/archive.sana.sy\/es\/wp-content\/uploads\/2021\/07\/photo_2021-07-07_21-08-56-1-768x521.jpg 768w, https:\/\/archive.sana.sy\/es\/wp-content\/uploads\/2021\/07\/photo_2021-07-07_21-08-56-1-1536x1041.jpg 1536w, https:\/\/archive.sana.sy\/es\/wp-content\/uploads\/2021\/07\/photo_2021-07-07_21-08-56-1-2048x1388.jpg 2048w, https:\/\/archive.sana.sy\/es\/wp-content\/uploads\/2021\/07\/photo_2021-07-07_21-08-56-1-110x75.jpg 110w\" sizes=\"(max-width: 2560px) 100vw, 2560px\" \/><\/a>\n\t\t\t<\/div><\/figure><figure class='gallery-item'>\n\t\t\t<div class='gallery-icon landscape'>\n\t\t\t\t<a href='https:\/\/archive.sana.sy\/es\/wp-content\/uploads\/2021\/07\/photo_2021-07-07_21-09-45-1-scaled.jpg'><img loading=\"lazy\" decoding=\"async\" width=\"2560\" height=\"1920\" src=\"https:\/\/archive.sana.sy\/es\/wp-content\/uploads\/2021\/07\/photo_2021-07-07_21-09-45-1-scaled.jpg\" class=\"attachment-full size-full\" alt=\"\" srcset=\"https:\/\/archive.sana.sy\/es\/wp-content\/uploads\/2021\/07\/photo_2021-07-07_21-09-45-1-scaled.jpg 2560w, https:\/\/archive.sana.sy\/es\/wp-content\/uploads\/2021\/07\/photo_2021-07-07_21-09-45-1-300x225.jpg 300w, https:\/\/archive.sana.sy\/es\/wp-content\/uploads\/2021\/07\/photo_2021-07-07_21-09-45-1-1024x768.jpg 1024w, https:\/\/archive.sana.sy\/es\/wp-content\/uploads\/2021\/07\/photo_2021-07-07_21-09-45-1-150x112.jpg 150w, https:\/\/archive.sana.sy\/es\/wp-content\/uploads\/2021\/07\/photo_2021-07-07_21-09-45-1-768x576.jpg 768w, https:\/\/archive.sana.sy\/es\/wp-content\/uploads\/2021\/07\/photo_2021-07-07_21-09-45-1-1536x1152.jpg 1536w, https:\/\/archive.sana.sy\/es\/wp-content\/uploads\/2021\/07\/photo_2021-07-07_21-09-45-1-2048x1536.jpg 2048w\" sizes=\"(max-width: 2560px) 100vw, 2560px\" \/><\/a>\n\t\t\t<\/div><\/figure><figure class='gallery-item'>\n\t\t\t<div class='gallery-icon landscape'>\n\t\t\t\t<a href='https:\/\/archive.sana.sy\/es\/wp-content\/uploads\/2021\/07\/photo_2021-07-07_21-09-33-1-scaled.jpg'><img loading=\"lazy\" decoding=\"async\" width=\"2560\" height=\"1920\" src=\"https:\/\/archive.sana.sy\/es\/wp-content\/uploads\/2021\/07\/photo_2021-07-07_21-09-33-1-scaled.jpg\" class=\"attachment-full size-full\" alt=\"\" srcset=\"https:\/\/archive.sana.sy\/es\/wp-content\/uploads\/2021\/07\/photo_2021-07-07_21-09-33-1-scaled.jpg 2560w, https:\/\/archive.sana.sy\/es\/wp-content\/uploads\/2021\/07\/photo_2021-07-07_21-09-33-1-300x225.jpg 300w, https:\/\/archive.sana.sy\/es\/wp-content\/uploads\/2021\/07\/photo_2021-07-07_21-09-33-1-1024x768.jpg 1024w, https:\/\/archive.sana.sy\/es\/wp-content\/uploads\/2021\/07\/photo_2021-07-07_21-09-33-1-150x112.jpg 150w, https:\/\/archive.sana.sy\/es\/wp-content\/uploads\/2021\/07\/photo_2021-07-07_21-09-33-1-768x576.jpg 768w, https:\/\/archive.sana.sy\/es\/wp-content\/uploads\/2021\/07\/photo_2021-07-07_21-09-33-1-1536x1152.jpg 1536w, https:\/\/archive.sana.sy\/es\/wp-content\/uploads\/2021\/07\/photo_2021-07-07_21-09-33-1-2048x1536.jpg 2048w\" sizes=\"(max-width: 2560px) 100vw, 2560px\" \/><\/a>\n\t\t\t<\/div><\/figure><figure class='gallery-item'>\n\t\t\t<div class='gallery-icon landscape'>\n\t\t\t\t<a href='https:\/\/archive.sana.sy\/es\/wp-content\/uploads\/2021\/07\/photo_2021-07-07_21-09-28-1-scaled.jpg'><img loading=\"lazy\" decoding=\"async\" width=\"2560\" height=\"1616\" src=\"https:\/\/archive.sana.sy\/es\/wp-content\/uploads\/2021\/07\/photo_2021-07-07_21-09-28-1-scaled.jpg\" class=\"attachment-full size-full\" alt=\"\" srcset=\"https:\/\/archive.sana.sy\/es\/wp-content\/uploads\/2021\/07\/photo_2021-07-07_21-09-28-1-scaled.jpg 2560w, https:\/\/archive.sana.sy\/es\/wp-content\/uploads\/2021\/07\/photo_2021-07-07_21-09-28-1-300x189.jpg 300w, https:\/\/archive.sana.sy\/es\/wp-content\/uploads\/2021\/07\/photo_2021-07-07_21-09-28-1-1024x647.jpg 1024w, https:\/\/archive.sana.sy\/es\/wp-content\/uploads\/2021\/07\/photo_2021-07-07_21-09-28-1-150x95.jpg 150w, https:\/\/archive.sana.sy\/es\/wp-content\/uploads\/2021\/07\/photo_2021-07-07_21-09-28-1-768x485.jpg 768w, https:\/\/archive.sana.sy\/es\/wp-content\/uploads\/2021\/07\/photo_2021-07-07_21-09-28-1-1536x970.jpg 1536w, https:\/\/archive.sana.sy\/es\/wp-content\/uploads\/2021\/07\/photo_2021-07-07_21-09-28-1-2048x1293.jpg 2048w\" sizes=\"(max-width: 2560px) 100vw, 2560px\" \/><\/a>\n\t\t\t<\/div><\/figure><figure class='gallery-item'>\n\t\t\t<div class='gallery-icon landscape'>\n\t\t\t\t<a href='https:\/\/archive.sana.sy\/es\/wp-content\/uploads\/2021\/07\/photo_2021-07-07_21-10-06-1-scaled.jpg'><img loading=\"lazy\" decoding=\"async\" width=\"2560\" height=\"1920\" src=\"https:\/\/archive.sana.sy\/es\/wp-content\/uploads\/2021\/07\/photo_2021-07-07_21-10-06-1-scaled.jpg\" class=\"attachment-full size-full\" alt=\"\" srcset=\"https:\/\/archive.sana.sy\/es\/wp-content\/uploads\/2021\/07\/photo_2021-07-07_21-10-06-1-scaled.jpg 2560w, https:\/\/archive.sana.sy\/es\/wp-content\/uploads\/2021\/07\/photo_2021-07-07_21-10-06-1-300x225.jpg 300w, https:\/\/archive.sana.sy\/es\/wp-content\/uploads\/2021\/07\/photo_2021-07-07_21-10-06-1-1024x768.jpg 1024w, https:\/\/archive.sana.sy\/es\/wp-content\/uploads\/2021\/07\/photo_2021-07-07_21-10-06-1-150x112.jpg 150w, https:\/\/archive.sana.sy\/es\/wp-content\/uploads\/2021\/07\/photo_2021-07-07_21-10-06-1-768x576.jpg 768w, https:\/\/archive.sana.sy\/es\/wp-content\/uploads\/2021\/07\/photo_2021-07-07_21-10-06-1-1536x1152.jpg 1536w, https:\/\/archive.sana.sy\/es\/wp-content\/uploads\/2021\/07\/photo_2021-07-07_21-10-06-1-2048x1536.jpg 2048w\" sizes=\"(max-width: 2560px) 100vw, 2560px\" \/><\/a>\n\t\t\t<\/div><\/figure>\n\t\t<\/div>\n\n","protected":false},"excerpt":{"rendered":"<p>Homs, SANA La siembra de girasoles floreci\u00f3 en los \u00faltimos a\u00f1os en la liberada localidad de Rastan, en el norte de la provincia de Homs, ubicada a 162 kil\u00f3metros al norte de la capital Damasco. Las \u00e1reas cultivadas con girasol este a\u00f1o ascienden a 50 hect\u00e1reas, seg\u00fan las estimaciones del Departamento Provincial de Agricultura. ed\/fm<\/p>\n","protected":false},"author":32,"featured_media":188134,"comment_status":"closed","ping_status":"closed","sticky":false,"template":"","format":"standard","meta":{"footnotes":""},"categories":[597,571,7541],"tags":[],"class_list":["post-188097","post","type-post","status-publish","format-standard","has-post-thumbnail","","category-cinta-de-noticias","category-siria-en-fotos","category-ultimas-noticias"],"_links":{"self":[{"href":"https:\/\/archive.sana.sy\/es\/index.php?rest_route=\/wp\/v2\/posts\/188097"}],"collection":[{"href":"https:\/\/archive.sana.sy\/es\/index.php?rest_route=\/wp\/v2\/posts"}],"about":[{"href":"https:\/\/archive.sana.sy\/es\/index.php?rest_route=\/wp\/v2\/types\/post"}],"author":[{"embeddable":true,"href":"https:\/\/archive.sana.sy\/es\/index.php?rest_route=\/wp\/v2\/users\/32"}],"replies":[{"embeddable":true,"href":"https:\/\/archive.sana.sy\/es\/index.php?rest_route=%2Fwp%2Fv2%2Fcomments&post=188097"}],"version-history":[{"count":0,"href":"https:\/\/archive.sana.sy\/es\/index.php?rest_route=\/wp\/v2\/posts\/188097\/revisions"}],"wp:featuredmedia":[{"embeddable":true,"href":"https:\/\/archive.sana.sy\/es\/index.php?rest_route=\/wp\/v2\/media\/188134"}],"wp:attachment":[{"href":"https:\/\/archive.sana.sy\/es\/index.php?rest_route=%2Fwp%2Fv2%2Fmedia&parent=188097"}],"wp:term":[{"taxonomy":"category","embeddable":true,"href":"https:\/\/archive.sana.sy\/es\/index.php?rest_route=%2Fwp%2Fv2%2Fcategories&post=188097"},{"taxonomy":"post_tag","embeddable":true,"href":"https:\/\/archive.sana.sy\/es\/index.php?rest_route=%2Fwp%2Fv2%2Ftags&post=188097"}],"curies":[{"name":"wp","href":"https:\/\/api.w.org\/{rel}","templated":true}]}}