{"id":18822,"date":"2015-03-03T20:12:13","date_gmt":"2015-03-03T18:12:13","guid":{"rendered":"http:\/\/www.sana.sy\/es\/?p=18822"},"modified":"2015-03-03T20:33:10","modified_gmt":"2015-03-03T18:33:10","slug":"la-comunidad-siria-en-francia-organiza-concierto-como-parte-del-evento-domingo-sirio","status":"publish","type":"post","link":"https:\/\/archive.sana.sy\/es\/?p=18822","title":{"rendered":"La Comunidad siria en Francia organiza concierto como parte del evento \u201cEl Domingo Sirio\u201d."},"content":{"rendered":"<p style=\"text-align: justify\"><span style=\"color: #993300\">Par\u00eds-SANA<\/span><\/p>\n<p>La comunidad siria en Francia organiz\u00f3 un concierto en la ciudad de Bobigny, cerca de Par\u00eds, con la participaci\u00f3n del grupo de rap franc\u00e9s La Razia.<\/p>\n<p>Los participantes en el evento, que se celebr\u00f3 bajo el lema &#8220;entre el arte y la pol\u00edtica&#8221;, expresaron su solidaridad con el pueblo sirio en su lucha\u00a0 contra el terrorismo, y la guerra declarada en contra de ellos, expresando el rechazo la intervenci\u00f3n extranjera en los asuntos internos de Siria.<\/p>\n<p><span style=\"color: #800000\">M.Miri, Riad.Sh<\/span><\/p>\n","protected":false},"excerpt":{"rendered":"<p>Par\u00eds-SANA La comunidad siria en Francia organiz\u00f3 un concierto en la ciudad de Bobigny, cerca de Par\u00eds, con la participaci\u00f3n del grupo de rap franc\u00e9s La Razia. Los participantes en el evento, que se celebr\u00f3 bajo el lema &#8220;entre el arte y la pol\u00edtica&#8221;, expresaron su solidaridad con el pueblo sirio en su lucha\u00a0 contra &hellip;<\/p>\n","protected":false},"author":1,"featured_media":18823,"comment_status":"closed","ping_status":"closed","sticky":false,"template":"","format":"standard","meta":{"footnotes":""},"categories":[1],"tags":[4264,4265],"class_list":["post-18822","post","type-post","status-publish","format-standard","has-post-thumbnail","","category-news-not-sorted","tag-la-comunidad-siria-en-francia-organiza-concierto-como-parte-del-evento-domingo-sirio","tag-la-comunidad-siria-en-francia-organiza-concierto-como-parte-del-evento-el-domingo-sirio"],"_links":{"self":[{"href":"https:\/\/archive.sana.sy\/es\/index.php?rest_route=\/wp\/v2\/posts\/18822"}],"collection":[{"href":"https:\/\/archive.sana.sy\/es\/index.php?rest_route=\/wp\/v2\/posts"}],"about":[{"href":"https:\/\/archive.sana.sy\/es\/index.php?rest_route=\/wp\/v2\/types\/post"}],"author":[{"embeddable":true,"href":"https:\/\/archive.sana.sy\/es\/index.php?rest_route=\/wp\/v2\/users\/1"}],"replies":[{"embeddable":true,"href":"https:\/\/archive.sana.sy\/es\/index.php?rest_route=%2Fwp%2Fv2%2Fcomments&post=18822"}],"version-history":[{"count":0,"href":"https:\/\/archive.sana.sy\/es\/index.php?rest_route=\/wp\/v2\/posts\/18822\/revisions"}],"wp:featuredmedia":[{"embeddable":true,"href":"https:\/\/archive.sana.sy\/es\/index.php?rest_route=\/wp\/v2\/media\/18823"}],"wp:attachment":[{"href":"https:\/\/archive.sana.sy\/es\/index.php?rest_route=%2Fwp%2Fv2%2Fmedia&parent=18822"}],"wp:term":[{"taxonomy":"category","embeddable":true,"href":"https:\/\/archive.sana.sy\/es\/index.php?rest_route=%2Fwp%2Fv2%2Fcategories&post=18822"},{"taxonomy":"post_tag","embeddable":true,"href":"https:\/\/archive.sana.sy\/es\/index.php?rest_route=%2Fwp%2Fv2%2Ftags&post=18822"}],"curies":[{"name":"wp","href":"https:\/\/api.w.org\/{rel}","templated":true}]}}