{"id":188227,"date":"2021-07-09T13:15:40","date_gmt":"2021-07-09T10:15:40","guid":{"rendered":"http:\/\/107.6.182.27\/es\/?p=188227"},"modified":"2021-07-09T19:29:54","modified_gmt":"2021-07-09T16:29:54","slug":"porque-es-mi-pais-teleserie-siria-narra-heroicidades-del-ejercito-y-pueblo-sirios","status":"publish","type":"post","link":"https:\/\/archive.sana.sy\/es\/?p=188227","title":{"rendered":"\u201cPorque es mi pa\u00eds\u201d, teleserie siria narra heroicidades del ej\u00e9rcito y pueblo sirios"},"content":{"rendered":"<p style=\"text-align: justify;\"><span style=\"color: #800000;\"><strong>Damasco, SANA<\/strong><\/span><\/p>\n<p style=\"text-align: justify;\">\u201cPorque es mi pa\u00eds\u201d es una telenovela siria narra las historias de varias batallas libradas por los militares sirios en los primeros a\u00f1os de la guerra desatada por las potencias del Mal contra Siria.<\/p>\n<p style=\"text-align: justify;\">Los cuatro episodios de la serie en la que participan m\u00e1s de 30 actores y actrices, documentan la historia del asesinato de siete pilotos militares sirios que los terroristas emboscaron su autob\u00fas en el que se trasladaban desde la base a\u00e9rea T-4 en la carretera entre Homs y Palmira, donde el llamado &#8220;Brigada al-Farouk&#8221;, una organizaci\u00f3n terrorista del llamado &#8220;Ej\u00e9rcito Libre&#8221;, reivindic\u00f3 el crimen a trav\u00e9s de un comunicado publicado en internet.<\/p>\n<p style=\"text-align: justify;\">La historia destaca el asesinato de los pilotos militares sirios por parte de los terroristas que ten\u00edan claro que cada piloto puede acabar con centenares de terroristas junto con su equipo b\u00e9lico y veh\u00edculos.<\/p>\n<p style=\"text-align: justify;\">Asimismo, arroja luz sobre las medidas tomadas por la instituci\u00f3n militar siria para consolidar la seguridad y protecci\u00f3n a las \u00e1guilas de la aviaci\u00f3n siria porque a trav\u00e9s de ellos se llevan a cabo ataques precisos contra la infraestructura de los terroristas y sus rutas de contrabando de armas desde los pa\u00edses vecinos que no respetaron la soberan\u00eda siria.<\/p>\n<p style=\"text-align: justify;\">Adem\u00e1s, el trabajo resalta el gran empe\u00f1o de los terroristas por poseer misiles antia\u00e9reos, atacar los aeropuertos y aviones militares, y sus intentos de controlarlos.<\/p>\n<p style=\"text-align: justify;\">La serie destaca la historia de un piloto militar sirio que salt\u00f3 de su aeronave tras ser atacada, en la zona de (Sabkhat al-Melh) en la regi\u00f3n norte del pa\u00eds, en medio de intentos de los terroristas para capturarlo y encontrarlo y entregarlo a sus operadores en Turqu\u00eda.<\/p>\n<p style=\"text-align: justify;\">Durante los intentos del piloto de superar las emboscadas terroristas, un nuevo h\u00e9roe sale a la luz, que es un beduino sirio, quien refleja la grandeza de las tribus sirias y su compromiso de ayudar a los militares perdidos en el desierto en venganza por el asesinato de integrantes de su tribu ante sus ojos a manos de los terroristas mercenarios.<\/p>\n<p style=\"text-align: justify;\">El director del trabajo Ismael Najdat Anzour, nos hace llegar el agudo dolor y la gran firmeza de las familias de los militares sirios al recibir la noticia del martirio de sus hijos como la familia del protagonista piloto.<\/p>\n<p style=\"text-align: justify;\">Los flagrantes cr\u00edmenes terroristas del Daesh (Isis) contra el sector sirio de hidrocarburos para robarlo y venderlo a Estados Unidos y Turqu\u00eda tambi\u00e9n se destacan en la serie.<\/p>\n<p style=\"text-align: justify;\">Tambi\u00e9n se destaca el gran da\u00f1o que sufri\u00f3 Palmira la \u201cperla del desierto\u201d sirio\u00a0 a manos de los terroristas del Daesh que saquearon sus antig\u00fcedades y destruyeron lo que no pod\u00edan robar.<\/p>\n<p style=\"text-align: justify;\"><span style=\"color: #0000ff;\"><strong>ah\/fm<\/strong><\/span><\/p>\n","protected":false},"excerpt":{"rendered":"<p>Damasco, SANA \u201cPorque es mi pa\u00eds\u201d es una telenovela siria narra las historias de varias batallas libradas por los militares sirios en los primeros a\u00f1os de la guerra desatada por las potencias del Mal contra Siria. Los cuatro episodios de la serie en la que participan m\u00e1s de 30 actores y actrices, documentan la historia &hellip;<\/p>\n","protected":false},"author":30,"featured_media":188228,"comment_status":"closed","ping_status":"closed","sticky":false,"template":"","format":"standard","meta":{"footnotes":""},"categories":[597,476,583,7541],"tags":[19251],"class_list":["post-188227","post","type-post","status-publish","format-standard","has-post-thumbnail","","category-cinta-de-noticias","category-locales","category-slide","category-ultimas-noticias","tag-porque-es-mi-pais-teleserie-siria-narra-heroicidades-del-ejercito-y-pueblo-sirios"],"_links":{"self":[{"href":"https:\/\/archive.sana.sy\/es\/index.php?rest_route=\/wp\/v2\/posts\/188227"}],"collection":[{"href":"https:\/\/archive.sana.sy\/es\/index.php?rest_route=\/wp\/v2\/posts"}],"about":[{"href":"https:\/\/archive.sana.sy\/es\/index.php?rest_route=\/wp\/v2\/types\/post"}],"author":[{"embeddable":true,"href":"https:\/\/archive.sana.sy\/es\/index.php?rest_route=\/wp\/v2\/users\/30"}],"replies":[{"embeddable":true,"href":"https:\/\/archive.sana.sy\/es\/index.php?rest_route=%2Fwp%2Fv2%2Fcomments&post=188227"}],"version-history":[{"count":0,"href":"https:\/\/archive.sana.sy\/es\/index.php?rest_route=\/wp\/v2\/posts\/188227\/revisions"}],"wp:featuredmedia":[{"embeddable":true,"href":"https:\/\/archive.sana.sy\/es\/index.php?rest_route=\/wp\/v2\/media\/188228"}],"wp:attachment":[{"href":"https:\/\/archive.sana.sy\/es\/index.php?rest_route=%2Fwp%2Fv2%2Fmedia&parent=188227"}],"wp:term":[{"taxonomy":"category","embeddable":true,"href":"https:\/\/archive.sana.sy\/es\/index.php?rest_route=%2Fwp%2Fv2%2Fcategories&post=188227"},{"taxonomy":"post_tag","embeddable":true,"href":"https:\/\/archive.sana.sy\/es\/index.php?rest_route=%2Fwp%2Fv2%2Ftags&post=188227"}],"curies":[{"name":"wp","href":"https:\/\/api.w.org\/{rel}","templated":true}]}}