{"id":188230,"date":"2021-07-09T11:29:15","date_gmt":"2021-07-09T08:29:15","guid":{"rendered":"http:\/\/107.6.182.27\/es\/?p=188230"},"modified":"2023-01-12T14:40:53","modified_gmt":"2023-01-12T12:40:53","slug":"guterres-pide-a-autoridades-de-ocupacion-que-detengan-demoliciones-de-propiedades-palestinas","status":"publish","type":"post","link":"https:\/\/archive.sana.sy\/es\/?p=188230","title":{"rendered":"Guterres pide a autoridades de ocupaci\u00f3n que detengan demoliciones de propiedades palestinas"},"content":{"rendered":"<p style=\"text-align: justify;\"><span style=\"color: #800000;\"><strong>Nueva York, SANA<\/strong><\/span><\/p>\n<p style=\"text-align: justify;\">El secretario general de la ONU, Antonio Guterres, renov\u00f3 su llamamiento a las autoridades de ocupaci\u00f3n israel\u00edes para que detengan las demoliciones e incautaciones de viviendas y propiedades palestinas en Cisjordania.<\/p>\n<p style=\"text-align: justify;\">&#8220;El Secretario General est\u00e1 profundamente preocupado por la demolici\u00f3n de propiedades palestinas en la aldea de Homsa al-Baqiaa, en Cisjordania&#8221;, dijo el portavoz de la ONU, St\u00e9phane Dujarric, en un comunicado.<\/p>\n<p style=\"text-align: justify;\">El comunicado agreg\u00f3 que estas acciones van en contra de la Ley Internacional y socavan las posibilidades de establecer un Estado palestino.<\/p>\n<p style=\"text-align: justify;\">Hace dos d\u00edas, las fuerzas de ocupaci\u00f3n israel\u00edes demolieron propiedades palestinas en la localidad de Khirbet Homsa por s\u00e9ptima vez desde finales del a\u00f1o pasado a fin de desplazar a sus due\u00f1os y apoderarse de sus tierras para ampliar las operaciones de asentamiento en la zona.<\/p>\n<p style=\"text-align: justify;\"><span style=\"color: #0000ff;\"><strong>ah\/fm<\/strong><\/span><\/p>\n","protected":false},"excerpt":{"rendered":"<p>Nueva York, SANA El secretario general de la ONU, Antonio Guterres, renov\u00f3 su llamamiento a las autoridades de ocupaci\u00f3n israel\u00edes para que detengan las demoliciones e incautaciones de viviendas y propiedades palestinas en Cisjordania. &#8220;El Secretario General est\u00e1 profundamente preocupado por la demolici\u00f3n de propiedades palestinas en la aldea de Homsa al-Baqiaa, en Cisjordania&#8221;, dijo &hellip;<\/p>\n","protected":false},"author":30,"featured_media":188231,"comment_status":"closed","ping_status":"closed","sticky":false,"template":"","format":"standard","meta":{"footnotes":""},"categories":[597,456,7541],"tags":[19252],"class_list":["post-188230","post","type-post","status-publish","format-standard","has-post-thumbnail","","category-cinta-de-noticias","category-arabe-internacional-politica","category-ultimas-noticias","tag-guterres-pide-a-autoridades-de-ocupacion-que-detengan-demoliciones-de-propiedades-palestinas"],"_links":{"self":[{"href":"https:\/\/archive.sana.sy\/es\/index.php?rest_route=\/wp\/v2\/posts\/188230"}],"collection":[{"href":"https:\/\/archive.sana.sy\/es\/index.php?rest_route=\/wp\/v2\/posts"}],"about":[{"href":"https:\/\/archive.sana.sy\/es\/index.php?rest_route=\/wp\/v2\/types\/post"}],"author":[{"embeddable":true,"href":"https:\/\/archive.sana.sy\/es\/index.php?rest_route=\/wp\/v2\/users\/30"}],"replies":[{"embeddable":true,"href":"https:\/\/archive.sana.sy\/es\/index.php?rest_route=%2Fwp%2Fv2%2Fcomments&post=188230"}],"version-history":[{"count":0,"href":"https:\/\/archive.sana.sy\/es\/index.php?rest_route=\/wp\/v2\/posts\/188230\/revisions"}],"wp:featuredmedia":[{"embeddable":true,"href":"https:\/\/archive.sana.sy\/es\/index.php?rest_route=\/wp\/v2\/media\/188231"}],"wp:attachment":[{"href":"https:\/\/archive.sana.sy\/es\/index.php?rest_route=%2Fwp%2Fv2%2Fmedia&parent=188230"}],"wp:term":[{"taxonomy":"category","embeddable":true,"href":"https:\/\/archive.sana.sy\/es\/index.php?rest_route=%2Fwp%2Fv2%2Fcategories&post=188230"},{"taxonomy":"post_tag","embeddable":true,"href":"https:\/\/archive.sana.sy\/es\/index.php?rest_route=%2Fwp%2Fv2%2Ftags&post=188230"}],"curies":[{"name":"wp","href":"https:\/\/api.w.org\/{rel}","templated":true}]}}