{"id":188239,"date":"2021-07-09T13:10:31","date_gmt":"2021-07-09T10:10:31","guid":{"rendered":"http:\/\/107.6.182.27\/es\/?p=188239"},"modified":"2023-01-12T14:40:53","modified_gmt":"2023-01-12T12:40:53","slug":"organizacion-turca-arroja-luz-sobre-violaciones-de-derechos-humanos-en-carceles-de-erdogan","status":"publish","type":"post","link":"https:\/\/archive.sana.sy\/es\/?p=188239","title":{"rendered":"Organizaci\u00f3n turca arroja luz sobre violaciones de derechos humanos en c\u00e1rceles de Erdogan"},"content":{"rendered":"<p style=\"text-align: justify;\"><span style=\"color: #800000;\"><strong>Ankara, SANA<\/strong><\/span><\/p>\n<p style=\"text-align: justify;\">Una organizaci\u00f3n turca de derechos humanos elabor\u00f3 un informe que arroja luz sobre las violaciones de derechos humanos en curso en las c\u00e1rceles de Turqu\u00eda, enfatizando que los detenidos se someten a humillaciones, hambre y violencia psicol\u00f3gica.<\/p>\n<p style=\"text-align: justify;\">Seg\u00fan el diario turco Zaman, el comit\u00e9 de investigaci\u00f3n de la organizaci\u00f3n estudi\u00f3 las condiciones de detenci\u00f3n en las c\u00e1rceles de las ciudades de Van, Izmir Aliaga y Manman.<\/p>\n<p style=\"text-align: justify;\">\u201cLos reclusos denunciaron que no se les permiti\u00f3 recibir visitas durante 18 meses y que fueron sometidos a tratos crueles y degradantes, incluso amenazas \u201d, revel\u00f3 el informe.<\/p>\n<p style=\"text-align: justify;\">El informe indica que en ocasiones, hasta 26 detenidos se encuentran recluidos en una celda para 14 personas, y las autoridades del r\u00e9gimen hacen caso omiso a los informes de defensores de derechos humanos locales y extranjeros sobre violaciones en las c\u00e1rceles turcas, amenazando con perseguir a quienes planteen este tema.<\/p>\n<p style=\"text-align: justify;\">M\u00e1s temprano, la vicepresidenta del Partido Popular Republicano Turco, revel\u00f3 que los encarcelados en Turqu\u00eda superan a la poblaci\u00f3n de 27 estados del pa\u00eds.<\/p>\n<p style=\"text-align: justify;\">Cabe destacar que el jefe del r\u00e9gimen turco, Recep Tayyip Erdogan, ha convertido a Turqu\u00eda en una gran prisi\u00f3n para sus oponentes.<\/p>\n<p style=\"text-align: justify;\"><span style=\"color: #0000ff;\"><strong>ah\/fm<\/strong><\/span><\/p>\n","protected":false},"excerpt":{"rendered":"<p>Ankara, SANA Una organizaci\u00f3n turca de derechos humanos elabor\u00f3 un informe que arroja luz sobre las violaciones de derechos humanos en curso en las c\u00e1rceles de Turqu\u00eda, enfatizando que los detenidos se someten a humillaciones, hambre y violencia psicol\u00f3gica. Seg\u00fan el diario turco Zaman, el comit\u00e9 de investigaci\u00f3n de la organizaci\u00f3n estudi\u00f3 las condiciones de &hellip;<\/p>\n","protected":false},"author":30,"featured_media":188240,"comment_status":"closed","ping_status":"closed","sticky":false,"template":"","format":"standard","meta":{"footnotes":""},"categories":[597,456,7541],"tags":[19255],"class_list":["post-188239","post","type-post","status-publish","format-standard","has-post-thumbnail","","category-cinta-de-noticias","category-arabe-internacional-politica","category-ultimas-noticias","tag-organizacion-turca-arroja-luz-sobre-violaciones-de-derechos-humanos-en-carceles-de-erdogan"],"_links":{"self":[{"href":"https:\/\/archive.sana.sy\/es\/index.php?rest_route=\/wp\/v2\/posts\/188239"}],"collection":[{"href":"https:\/\/archive.sana.sy\/es\/index.php?rest_route=\/wp\/v2\/posts"}],"about":[{"href":"https:\/\/archive.sana.sy\/es\/index.php?rest_route=\/wp\/v2\/types\/post"}],"author":[{"embeddable":true,"href":"https:\/\/archive.sana.sy\/es\/index.php?rest_route=\/wp\/v2\/users\/30"}],"replies":[{"embeddable":true,"href":"https:\/\/archive.sana.sy\/es\/index.php?rest_route=%2Fwp%2Fv2%2Fcomments&post=188239"}],"version-history":[{"count":0,"href":"https:\/\/archive.sana.sy\/es\/index.php?rest_route=\/wp\/v2\/posts\/188239\/revisions"}],"wp:featuredmedia":[{"embeddable":true,"href":"https:\/\/archive.sana.sy\/es\/index.php?rest_route=\/wp\/v2\/media\/188240"}],"wp:attachment":[{"href":"https:\/\/archive.sana.sy\/es\/index.php?rest_route=%2Fwp%2Fv2%2Fmedia&parent=188239"}],"wp:term":[{"taxonomy":"category","embeddable":true,"href":"https:\/\/archive.sana.sy\/es\/index.php?rest_route=%2Fwp%2Fv2%2Fcategories&post=188239"},{"taxonomy":"post_tag","embeddable":true,"href":"https:\/\/archive.sana.sy\/es\/index.php?rest_route=%2Fwp%2Fv2%2Ftags&post=188239"}],"curies":[{"name":"wp","href":"https:\/\/api.w.org\/{rel}","templated":true}]}}