{"id":188347,"date":"2021-07-10T08:24:02","date_gmt":"2021-07-10T05:24:02","guid":{"rendered":"http:\/\/107.6.182.27\/es\/?p=188347"},"modified":"2023-01-10T15:33:27","modified_gmt":"2023-01-10T13:33:27","slug":"titulares-de-la-agencia-sana-10-de-julio-2021","status":"publish","type":"post","link":"https:\/\/archive.sana.sy\/es\/?p=188347","title":{"rendered":"Titulares de la agencia SANA, 10 de julio 2021"},"content":{"rendered":"<p style=\"text-align: justify;\">Damasco , SANA<\/p>\n<p style=\"text-align: justify;\">????????Presidente al-Assad expresa sus p\u00e9sames al presidente Putin por las v\u00edctimas del avi\u00f3n estrellado.<\/p>\n<p style=\"text-align: justify;\">????????Siria sit\u00faa en primer grupo de clasificaciones para Copa Asi\u00e1tica.<\/p>\n<p style=\"text-align: justify;\">????????Siria tacha de politizado a mecanismo de ingreso de ayuda humanitaria y afirma que el mismo fracas\u00f3 en impedir que la ayuda llegue a terroristas.<\/p>\n<p style=\"text-align: justify;\">????????Efect\u00faan en Damasco funeral del luchador palestino Ahmad Jibril.<\/p>\n<p style=\"text-align: justify;\">????????EEUU podr\u00eda retirarse de Siria s\u00fabitamente, afirma Lavrentiev.<\/p>\n<p style=\"text-align: justify;\">????????\u201cPorque es mi pa\u00eds\u201d, teleserie siria narra heroicidades del ej\u00e9rcito y pueblo sirios.<\/p>\n<p style=\"text-align: justify;\">????????Florece cultivo de plantas tropicales en provincias costeras de Siria.<\/p>\n<p style=\"text-align: justify;\">????????Prestaci\u00f3n de ayuda humanitaria a Siria debe tomar en cuenta el respeto a su soberan\u00eda, afirma Ir\u00e1n.<\/p>\n<p style=\"text-align: justify;\">????????Ocupaci\u00f3n turca y sus mercenarios bombardean aldeas en la provincia de Hasakeh.<\/p>\n<p style=\"text-align: justify;\">????????El malec\u00f3n de Banias\/Tartous.<\/p>\n<p style=\"text-align: justify;\">????????Arranca feria petrolera (Syrpetro) en Damasco (+fotos).<\/p>\n<p style=\"text-align: justify;\">????????Pavimentaci\u00f3n y reparaci\u00f3n\u00a0 de varias calles de Damasco y sus barrios (fotos).<\/p>\n<p style=\"text-align: justify;\">????????Voluntad y determinaci\u00f3n son claves del \u00e9xito, afirman estudiantes destacados de Homs.<\/p>\n<p style=\"text-align: justify;\">????????Disminuye cifra diaria de decesos por Covid-19 en Siria.<\/p>\n<p style=\"text-align: justify;\">????????Organizaci\u00f3n turca arroja luz sobre violaciones de derechos humanos en c\u00e1rceles de Erdogan.<\/p>\n<p style=\"text-align: justify;\">????????Canciller\u00eda palestina critica el silencio de la ONU ante los cr\u00edmenes israel\u00edes.<\/p>\n<p style=\"text-align: justify;\">????????Heridos palestinos por agresi\u00f3n israel\u00ed a manifestaci\u00f3n al norte de Naplusa.<\/p>\n<p style=\"text-align: justify;\">????????Guterres pide a autoridades de ocupaci\u00f3n que detengan demoliciones de propiedades palestinas.<\/p>\n<p style=\"text-align: justify;\">????????Las fuerzas de ocupaci\u00f3n israel\u00edes detienen a dos palestinos en Hebr\u00f3n.<\/p>\n","protected":false},"excerpt":{"rendered":"<p>Damasco , SANA ????????Presidente al-Assad expresa sus p\u00e9sames al presidente Putin por las v\u00edctimas del avi\u00f3n estrellado. ????????Siria sit\u00faa en primer grupo de clasificaciones para Copa Asi\u00e1tica. ????????Siria tacha de politizado a mecanismo de ingreso de ayuda humanitaria y afirma que el mismo fracas\u00f3 en impedir que la ayuda llegue a terroristas. ????????Efect\u00faan en Damasco &hellip;<\/p>\n","protected":false},"author":35,"featured_media":188348,"comment_status":"closed","ping_status":"closed","sticky":false,"template":"","format":"standard","meta":{"footnotes":""},"categories":[447,477,555,597,476,16688,457,7541],"tags":[],"class_list":["post-188347","post","type-post","status-publish","format-standard","has-post-thumbnail","","category-local-politica","category-noticias-edulcorantes","category-prensa","category-cinta-de-noticias","category-locales","category-nacionales","category-noticias-arabe-internacional-politica","category-ultimas-noticias"],"_links":{"self":[{"href":"https:\/\/archive.sana.sy\/es\/index.php?rest_route=\/wp\/v2\/posts\/188347"}],"collection":[{"href":"https:\/\/archive.sana.sy\/es\/index.php?rest_route=\/wp\/v2\/posts"}],"about":[{"href":"https:\/\/archive.sana.sy\/es\/index.php?rest_route=\/wp\/v2\/types\/post"}],"author":[{"embeddable":true,"href":"https:\/\/archive.sana.sy\/es\/index.php?rest_route=\/wp\/v2\/users\/35"}],"replies":[{"embeddable":true,"href":"https:\/\/archive.sana.sy\/es\/index.php?rest_route=%2Fwp%2Fv2%2Fcomments&post=188347"}],"version-history":[{"count":0,"href":"https:\/\/archive.sana.sy\/es\/index.php?rest_route=\/wp\/v2\/posts\/188347\/revisions"}],"wp:featuredmedia":[{"embeddable":true,"href":"https:\/\/archive.sana.sy\/es\/index.php?rest_route=\/wp\/v2\/media\/188348"}],"wp:attachment":[{"href":"https:\/\/archive.sana.sy\/es\/index.php?rest_route=%2Fwp%2Fv2%2Fmedia&parent=188347"}],"wp:term":[{"taxonomy":"category","embeddable":true,"href":"https:\/\/archive.sana.sy\/es\/index.php?rest_route=%2Fwp%2Fv2%2Fcategories&post=188347"},{"taxonomy":"post_tag","embeddable":true,"href":"https:\/\/archive.sana.sy\/es\/index.php?rest_route=%2Fwp%2Fv2%2Ftags&post=188347"}],"curies":[{"name":"wp","href":"https:\/\/api.w.org\/{rel}","templated":true}]}}