{"id":188412,"date":"2021-07-10T18:27:26","date_gmt":"2021-07-10T15:27:26","guid":{"rendered":"http:\/\/107.6.182.27\/es\/?p=188412"},"modified":"2023-01-09T14:05:34","modified_gmt":"2023-01-09T12:05:34","slug":"estudiante-ciega-de-sweida-desafia-las-circunstancias-y-aprueba-exitosamente-el-bachillerato","status":"publish","type":"post","link":"https:\/\/archive.sana.sy\/es\/?p=188412","title":{"rendered":"Estudiante ciega de Sweida desaf\u00eda las circunstancias y aprueba exitosamente el bachillerato"},"content":{"rendered":"<p style=\"text-align: justify;\"><span style=\"color: #800000;\"><strong>Sweida, SANA<\/strong><\/span><\/p>\n<p style=\"text-align: justify;\">Con tanta voluntad y determinaci\u00f3n, la estudiante ciega Tamara Khaled Azzam de la provincia siria de Sweida, aprob\u00f3 exitosamente el examen de bachillerato -rama literaria \u2013 con notas que le permiten estudiar la carrera universitaria que desee.<\/p>\n<p style=\"text-align: justify;\">Tamara, durante una conversaci\u00f3n con el corresponsal de SANA, indic\u00f3 que logr\u00f3 a pesar de sus dif\u00edciles condiciones que atraviesa, obtener 219 puntos del total de 240, y se sobresali\u00f3 en asignaturas como Idioma Ingl\u00e9s e Historia, y agradeci\u00f3 el esfuerzo de sus profesoras y sus padres.<\/p>\n<p style=\"text-align: justify;\">Dijo que su mam\u00e1 le\u00eda y explicaba el contenido de las materias y ella escuchaba, comprend\u00eda y memorizaba las informaciones, y a la hora del examen ella estaba bien preparada para contestar.<\/p>\n<p style=\"text-align: justify;\">La joven es optimista y tiene fe que el futuro se hace con el conocimiento y la esperanza, y que nada es imposible ante la voluntad.<\/p>\n<p style=\"text-align: justify;\">Su deseo es estudiar una de las carrereas de Lengua Inglesa o Psicolog\u00eda, y adem\u00e1s desarrollar sus habilidades musicales ya que toca \u00a0\u00d3rgano, y participa en varias actividades culturales a nivel de provincia.<\/p>\n<p style=\"text-align: justify;\"><strong><span style=\"color: #0000ff;\">sm\/fm<\/span><\/strong><\/p>\n","protected":false},"excerpt":{"rendered":"<p>Sweida, SANA Con tanta voluntad y determinaci\u00f3n, la estudiante ciega Tamara Khaled Azzam de la provincia siria de Sweida, aprob\u00f3 exitosamente el examen de bachillerato -rama literaria \u2013 con notas que le permiten estudiar la carrera universitaria que desee. Tamara, durante una conversaci\u00f3n con el corresponsal de SANA, indic\u00f3 que logr\u00f3 a pesar de sus &hellip;<\/p>\n","protected":false},"author":39,"featured_media":188413,"comment_status":"closed","ping_status":"closed","sticky":false,"template":"","format":"standard","meta":{"footnotes":""},"categories":[597,476],"tags":[],"class_list":["post-188412","post","type-post","status-publish","format-standard","has-post-thumbnail","","category-cinta-de-noticias","category-locales"],"_links":{"self":[{"href":"https:\/\/archive.sana.sy\/es\/index.php?rest_route=\/wp\/v2\/posts\/188412"}],"collection":[{"href":"https:\/\/archive.sana.sy\/es\/index.php?rest_route=\/wp\/v2\/posts"}],"about":[{"href":"https:\/\/archive.sana.sy\/es\/index.php?rest_route=\/wp\/v2\/types\/post"}],"author":[{"embeddable":true,"href":"https:\/\/archive.sana.sy\/es\/index.php?rest_route=\/wp\/v2\/users\/39"}],"replies":[{"embeddable":true,"href":"https:\/\/archive.sana.sy\/es\/index.php?rest_route=%2Fwp%2Fv2%2Fcomments&post=188412"}],"version-history":[{"count":0,"href":"https:\/\/archive.sana.sy\/es\/index.php?rest_route=\/wp\/v2\/posts\/188412\/revisions"}],"wp:featuredmedia":[{"embeddable":true,"href":"https:\/\/archive.sana.sy\/es\/index.php?rest_route=\/wp\/v2\/media\/188413"}],"wp:attachment":[{"href":"https:\/\/archive.sana.sy\/es\/index.php?rest_route=%2Fwp%2Fv2%2Fmedia&parent=188412"}],"wp:term":[{"taxonomy":"category","embeddable":true,"href":"https:\/\/archive.sana.sy\/es\/index.php?rest_route=%2Fwp%2Fv2%2Fcategories&post=188412"},{"taxonomy":"post_tag","embeddable":true,"href":"https:\/\/archive.sana.sy\/es\/index.php?rest_route=%2Fwp%2Fv2%2Ftags&post=188412"}],"curies":[{"name":"wp","href":"https:\/\/api.w.org\/{rel}","templated":true}]}}