{"id":188415,"date":"2021-07-10T18:34:40","date_gmt":"2021-07-10T15:34:40","guid":{"rendered":"http:\/\/107.6.182.27\/es\/?p=188415"},"modified":"2023-01-12T14:40:52","modified_gmt":"2023-01-12T12:40:52","slug":"parlamento-europeo-condena-represion-de-regimen-turco-contra-partidos-opositores","status":"publish","type":"post","link":"https:\/\/archive.sana.sy\/es\/?p=188415","title":{"rendered":"Parlamento Europeo condena represi\u00f3n de r\u00e9gimen turco contra partidos opositores"},"content":{"rendered":"<p style=\"text-align: justify;\"><span style=\"color: #800000;\"><strong>Estrasburgo, SANA<\/strong><\/span><\/p>\n<p style=\"text-align: justify;\">El Parlamento Europeo vot\u00f3 un proyecto de resoluci\u00f3n titulado (Presi\u00f3n contra la oposici\u00f3n en Turqu\u00eda, especialmente el Partido Democr\u00e1tico Popular.<\/p>\n<p style=\"text-align: justify;\">La resoluci\u00f3n, que fue redactada conjuntamente por los grupos de dem\u00f3crata-cristianos, socialdem\u00f3cratas, liberales, verdes e izquierdistas, calific\u00f3 de (preocupante) la creciente presi\u00f3n ejercida por el Estado turco sobre los partidos de oposici\u00f3n, y subray\u00f3 que esta represi\u00f3n \u201climita la capacidad de los partidos de ejercer sus derechos y cumplir con sus roles democr\u00e1ticos.\u201d<\/p>\n<p style=\"text-align: justify;\">Se\u00f1al\u00f3 que el Tribunal Constitucional Turco hab\u00eda cerrado seis partidos hasta el momento, lo cual, seg\u00fan el Tribunal Europeo de Derechos Humanos constituye una violaci\u00f3n de la libertad sindical.<\/p>\n<p style=\"text-align: justify;\"><strong><span style=\"color: #0000ff;\">sm\/fm<\/span><\/strong><\/p>\n","protected":false},"excerpt":{"rendered":"<p>Estrasburgo, SANA El Parlamento Europeo vot\u00f3 un proyecto de resoluci\u00f3n titulado (Presi\u00f3n contra la oposici\u00f3n en Turqu\u00eda, especialmente el Partido Democr\u00e1tico Popular. La resoluci\u00f3n, que fue redactada conjuntamente por los grupos de dem\u00f3crata-cristianos, socialdem\u00f3cratas, liberales, verdes e izquierdistas, calific\u00f3 de (preocupante) la creciente presi\u00f3n ejercida por el Estado turco sobre los partidos de oposici\u00f3n, y &hellip;<\/p>\n","protected":false},"author":39,"featured_media":188416,"comment_status":"closed","ping_status":"closed","sticky":false,"template":"","format":"standard","meta":{"footnotes":""},"categories":[597,456],"tags":[],"class_list":["post-188415","post","type-post","status-publish","format-standard","has-post-thumbnail","","category-cinta-de-noticias","category-arabe-internacional-politica"],"_links":{"self":[{"href":"https:\/\/archive.sana.sy\/es\/index.php?rest_route=\/wp\/v2\/posts\/188415"}],"collection":[{"href":"https:\/\/archive.sana.sy\/es\/index.php?rest_route=\/wp\/v2\/posts"}],"about":[{"href":"https:\/\/archive.sana.sy\/es\/index.php?rest_route=\/wp\/v2\/types\/post"}],"author":[{"embeddable":true,"href":"https:\/\/archive.sana.sy\/es\/index.php?rest_route=\/wp\/v2\/users\/39"}],"replies":[{"embeddable":true,"href":"https:\/\/archive.sana.sy\/es\/index.php?rest_route=%2Fwp%2Fv2%2Fcomments&post=188415"}],"version-history":[{"count":0,"href":"https:\/\/archive.sana.sy\/es\/index.php?rest_route=\/wp\/v2\/posts\/188415\/revisions"}],"wp:featuredmedia":[{"embeddable":true,"href":"https:\/\/archive.sana.sy\/es\/index.php?rest_route=\/wp\/v2\/media\/188416"}],"wp:attachment":[{"href":"https:\/\/archive.sana.sy\/es\/index.php?rest_route=%2Fwp%2Fv2%2Fmedia&parent=188415"}],"wp:term":[{"taxonomy":"category","embeddable":true,"href":"https:\/\/archive.sana.sy\/es\/index.php?rest_route=%2Fwp%2Fv2%2Fcategories&post=188415"},{"taxonomy":"post_tag","embeddable":true,"href":"https:\/\/archive.sana.sy\/es\/index.php?rest_route=%2Fwp%2Fv2%2Ftags&post=188415"}],"curies":[{"name":"wp","href":"https:\/\/api.w.org\/{rel}","templated":true}]}}