{"id":188426,"date":"2021-07-10T19:49:50","date_gmt":"2021-07-10T16:49:50","guid":{"rendered":"http:\/\/107.6.182.27\/es\/?p=188426"},"modified":"2021-07-10T21:02:02","modified_gmt":"2021-07-10T18:02:02","slug":"siria-califica-de-logro-a-nueva-resolucion-sobre-ayuda-humanitaria","status":"publish","type":"post","link":"https:\/\/archive.sana.sy\/es\/?p=188426","title":{"rendered":"Siria califica de logro a nueva resoluci\u00f3n sobre ayuda humanitaria"},"content":{"rendered":"<p><span style=\"color: #800000;\">Damasco, SANA<\/span><\/p>\n<p style=\"text-align: justify;\">El ministro de Exteriores y Expatriados, Faisal al-Mekdad, describi\u00f3 la Resoluci\u00f3n No. 2585 aprobada recientemente sobre la extensi\u00f3n del periodo de ingreso de ayuda humanitaria a trav\u00e9s de la frontera de un logro porque incluy\u00f3 todos los aspectos que rechazaban incluir los pa\u00edses occidentales e hizo \u00e9nfasis en que la entrega de la ayuda humanitaria debe realizarse desde el interior sirio y no solo a trav\u00e9s de los cruces.<\/p>\n<p style=\"text-align: justify;\">En declaraciones a la prensa, el Canciller explic\u00f3 que la resoluci\u00f3n ratifica la fe de las Naciones Unidas en la unidad del territorio y el pueblo de Siria, y esto incomoda al r\u00e9gimen turco y Estados Unidos que apoyan a extremistas y separatistas en el norte de Siria.<\/p>\n<p style=\"text-align: justify;\">En virtud de la resoluci\u00f3n, los cruces ya no son la principal v\u00eda para que Occidente entregue la ayuda a Siria, y el interior de Siria se ha convertido en la base, manifest\u00f3.<\/p>\n<p style=\"text-align: justify;\">Asimismo, remarc\u00f3 que los pa\u00edses occidentales quer\u00edan reabrir los otros tres cruces, pero solo consiguieron abrir la mitad de un cruce, que es Bab al-Hawa, y quer\u00edan extender la entrada de ayuda a trav\u00e9s del mismo por un a\u00f1o, pero los amigos solo aprobaron permitir la entrada de esta ayuda por seis meses .<\/p>\n<p style=\"text-align: justify;\">La resoluci\u00f3n significa tambi\u00e9n que el Estado sirio debe conocer todo lo que entra al pa\u00eds y hacia d\u00f3nde van los alimentos y los suministros humanitarios, y as\u00ed ser\u00e1 dif\u00edcil para los pa\u00edses occidentales pasar armas a los terroristas, dijo el jefe de la diplomacia.<\/p>\n<p style=\"text-align: justify;\">Tambi\u00e9n, subray\u00f3 que los amigos rusos y chinos lograron restringir el libre acceso de la ayuda occidental y turca a los terroristas, y consider\u00f3 eso un paso esencial para cerrar el cruce de Bab al-Hawa porque el respeto a la soberan\u00eda siria se logra mediante el respeto de sus fronteras.<\/p>\n<p style=\"text-align: justify;\">El ministro agreg\u00f3 que la nueva resoluci\u00f3n impone muchas restricciones al movimiento de mercanc\u00edas y tambi\u00e9n al movimiento de los pa\u00edses occidentales que despreciaban las fronteras internacionales y utilizaban estos cruces para da\u00f1ar la unidad del territorio y del pueblo de Siria.<\/p>\n<p style=\"text-align: justify;\">Esos pasos fronterizos fueron utilizados por pa\u00edses occidentales, Estados Unidos y todos los que apoyan el terrorismo, para brindar armas a los militantes y terroristas.<\/p>\n<p style=\"text-align: justify;\">Denunci\u00f3 que las Naciones Unidas que estableci\u00f3 este mecanismo, no cumpli\u00f3 con su deber de monitorear las mercanc\u00edas que ingresan a Siria.<\/p>\n<p style=\"text-align: justify;\">\u201cLas Naciones Unidas, al igual que los pa\u00edses occidentales, no logr\u00f3 brindar ayuda real al pueblo sirio, ya que sol\u00eda entregar esta ayuda en las fronteras, y luego las organizaciones terroristas y otras afiliadas a los pa\u00edses occidentales la reciben para distribuirla a los extremistas o para venderlas a la gente a precios muy altos\u201d, se\u00f1al\u00f3.<\/p>\n<p style=\"text-align: justify;\">Tambi\u00e9n explic\u00f3 que los tres cruces al-Ramtha, Bab al-Salam y al-Yarubiyah se cerraron, y solo qued\u00f3 Bab al-Hawa, que por mantenerlo abierto hubo una incre\u00edble campa\u00f1a durante los \u00faltimos seis meses por parte de Estados Unidos y otros pa\u00edses occidentales.<\/p>\n<p><span style=\"color: #0000ff;\">fm\/rr<\/span><\/p>\n","protected":false},"excerpt":{"rendered":"<p>Damasco, SANA El ministro de Exteriores y Expatriados, Faisal al-Mekdad, describi\u00f3 la Resoluci\u00f3n No. 2585 aprobada recientemente sobre la extensi\u00f3n del periodo de ingreso de ayuda humanitaria a trav\u00e9s de la frontera de un logro porque incluy\u00f3 todos los aspectos que rechazaban incluir los pa\u00edses occidentales e hizo \u00e9nfasis en que la entrega de la &hellip;<\/p>\n","protected":false},"author":31,"featured_media":188427,"comment_status":"closed","ping_status":"closed","sticky":false,"template":"","format":"standard","meta":{"footnotes":""},"categories":[597,476,467,583],"tags":[],"class_list":["post-188426","post","type-post","status-publish","format-standard","has-post-thumbnail","","category-cinta-de-noticias","category-locales","category-siria-y-el-mundo","category-slide"],"_links":{"self":[{"href":"https:\/\/archive.sana.sy\/es\/index.php?rest_route=\/wp\/v2\/posts\/188426"}],"collection":[{"href":"https:\/\/archive.sana.sy\/es\/index.php?rest_route=\/wp\/v2\/posts"}],"about":[{"href":"https:\/\/archive.sana.sy\/es\/index.php?rest_route=\/wp\/v2\/types\/post"}],"author":[{"embeddable":true,"href":"https:\/\/archive.sana.sy\/es\/index.php?rest_route=\/wp\/v2\/users\/31"}],"replies":[{"embeddable":true,"href":"https:\/\/archive.sana.sy\/es\/index.php?rest_route=%2Fwp%2Fv2%2Fcomments&post=188426"}],"version-history":[{"count":0,"href":"https:\/\/archive.sana.sy\/es\/index.php?rest_route=\/wp\/v2\/posts\/188426\/revisions"}],"wp:featuredmedia":[{"embeddable":true,"href":"https:\/\/archive.sana.sy\/es\/index.php?rest_route=\/wp\/v2\/media\/188427"}],"wp:attachment":[{"href":"https:\/\/archive.sana.sy\/es\/index.php?rest_route=%2Fwp%2Fv2%2Fmedia&parent=188426"}],"wp:term":[{"taxonomy":"category","embeddable":true,"href":"https:\/\/archive.sana.sy\/es\/index.php?rest_route=%2Fwp%2Fv2%2Fcategories&post=188426"},{"taxonomy":"post_tag","embeddable":true,"href":"https:\/\/archive.sana.sy\/es\/index.php?rest_route=%2Fwp%2Fv2%2Ftags&post=188426"}],"curies":[{"name":"wp","href":"https:\/\/api.w.org\/{rel}","templated":true}]}}