{"id":188429,"date":"2021-07-10T20:07:52","date_gmt":"2021-07-10T17:07:52","guid":{"rendered":"http:\/\/107.6.182.27\/es\/?p=188429"},"modified":"2023-01-12T14:40:52","modified_gmt":"2023-01-12T12:40:52","slug":"cuba-e-iran-acuerdan-producir-la-vacuna-soberana-2-contra-la-covid-19","status":"publish","type":"post","link":"https:\/\/archive.sana.sy\/es\/?p=188429","title":{"rendered":"Cuba e Ir\u00e1n acuerdan producir la vacuna \u201cSoberana 2\u201d contra la Covid-19"},"content":{"rendered":"<p><span style=\"color: #800000;\">La Habana, SANA<\/span><\/p>\n<p style=\"text-align: justify;\">El Instituto Finlay de Vacunas revel\u00f3 que Cuba e Ir\u00e1n acordaron producir la vacuna cubana \u201cSoberana 2\u201d en el instituto iran\u00ed Pasteur, en virtud del acuerdo de transferencia de tecnolog\u00eda firmado previamente entre las dos partes.<\/p>\n<p style=\"text-align: justify;\">\u201cLos dos pa\u00edses trabajan intensamente para producir \u201cSoberana 2\u201d, lo que tendr\u00e1 repercusiones positivas para la salud de los habitantes de ambos pa\u00edses\u201d, revel\u00f3 el Instituto en un comunicado.<\/p>\n<p style=\"text-align: justify;\">\u201cFinlay\u201d firm\u00f3 en enero pasado un acuerdo bilateral con el Instituto iran\u00ed \u201cPasteur\u201d para completar los ensayos cl\u00ednicos para el desarrollo del candidato vacunal cubano \u201cSoberana 2\u201d.<\/p>\n<p style=\"text-align: justify;\">A finales de marzo pasado, Cuba envi\u00f3 100 mil dosis de la vacuna &#8220;Soberana 2&#8221;, como parte de las pruebas cl\u00ednicas de la tercera fase de ensayos cl\u00ednicos de esta vacuna.<\/p>\n<p><span style=\"color: #0000ff;\">rr\/fm<\/span><\/p>\n","protected":false},"excerpt":{"rendered":"<p>La Habana, SANA El Instituto Finlay de Vacunas revel\u00f3 que Cuba e Ir\u00e1n acordaron producir la vacuna cubana \u201cSoberana 2\u201d en el instituto iran\u00ed Pasteur, en virtud del acuerdo de transferencia de tecnolog\u00eda firmado previamente entre las dos partes. \u201cLos dos pa\u00edses trabajan intensamente para producir \u201cSoberana 2\u201d, lo que tendr\u00e1 repercusiones positivas para la &hellip;<\/p>\n","protected":false},"author":31,"featured_media":188430,"comment_status":"closed","ping_status":"closed","sticky":false,"template":"","format":"standard","meta":{"footnotes":""},"categories":[456],"tags":[],"class_list":["post-188429","post","type-post","status-publish","format-standard","has-post-thumbnail","","category-arabe-internacional-politica"],"_links":{"self":[{"href":"https:\/\/archive.sana.sy\/es\/index.php?rest_route=\/wp\/v2\/posts\/188429"}],"collection":[{"href":"https:\/\/archive.sana.sy\/es\/index.php?rest_route=\/wp\/v2\/posts"}],"about":[{"href":"https:\/\/archive.sana.sy\/es\/index.php?rest_route=\/wp\/v2\/types\/post"}],"author":[{"embeddable":true,"href":"https:\/\/archive.sana.sy\/es\/index.php?rest_route=\/wp\/v2\/users\/31"}],"replies":[{"embeddable":true,"href":"https:\/\/archive.sana.sy\/es\/index.php?rest_route=%2Fwp%2Fv2%2Fcomments&post=188429"}],"version-history":[{"count":0,"href":"https:\/\/archive.sana.sy\/es\/index.php?rest_route=\/wp\/v2\/posts\/188429\/revisions"}],"wp:featuredmedia":[{"embeddable":true,"href":"https:\/\/archive.sana.sy\/es\/index.php?rest_route=\/wp\/v2\/media\/188430"}],"wp:attachment":[{"href":"https:\/\/archive.sana.sy\/es\/index.php?rest_route=%2Fwp%2Fv2%2Fmedia&parent=188429"}],"wp:term":[{"taxonomy":"category","embeddable":true,"href":"https:\/\/archive.sana.sy\/es\/index.php?rest_route=%2Fwp%2Fv2%2Fcategories&post=188429"},{"taxonomy":"post_tag","embeddable":true,"href":"https:\/\/archive.sana.sy\/es\/index.php?rest_route=%2Fwp%2Fv2%2Ftags&post=188429"}],"curies":[{"name":"wp","href":"https:\/\/api.w.org\/{rel}","templated":true}]}}