{"id":188532,"date":"2021-07-11T22:07:37","date_gmt":"2021-07-11T19:07:37","guid":{"rendered":"http:\/\/107.6.182.27\/es\/?p=188532"},"modified":"2021-07-11T22:15:35","modified_gmt":"2021-07-11T19:15:35","slug":"universidad-de-damasco-acoge-cursos-sobre-vinculacion-de-estudios-con-mercado-laboral","status":"publish","type":"post","link":"https:\/\/archive.sana.sy\/es\/?p=188532","title":{"rendered":"Universidad de Damasco acoge cursos sobre vinculaci\u00f3n de estudios con mercado laboral"},"content":{"rendered":"<p><span style=\"color: #800000;\"><strong>Damasco, SANA<\/strong><\/span><\/p>\n<p>Bajo el lema \u201cvincular la universidad con la sociedad y el mercado laboral\u201d, la facultad de Derecho de la Universidad de Damasco comenz\u00f3 cursos de pr\u00e1ctica laboral, con la cooperaci\u00f3n de la Uni\u00f3n Nacional de Estudiantes Sirios y los Ministerios del Interior y Justicia.<\/p>\n<p>El programa de los cursos incluye varias disciplinas de derecho general, comercial, internacional, especial y penal, y est\u00e1 dirigido a licenciados en derecho y a quienes lo deseen de todos los segmentos de la sociedad.<img loading=\"lazy\" decoding=\"async\" class=\"size-medium wp-image-188534 alignright\" src=\"http:\/\/107.6.182.27\/es\/wp-content\/uploads\/2021\/07\/KHL_6761-300x200.jpg\" alt=\"\" width=\"300\" height=\"200\" srcset=\"https:\/\/archive.sana.sy\/es\/wp-content\/uploads\/2021\/07\/KHL_6761-300x200.jpg 300w, https:\/\/archive.sana.sy\/es\/wp-content\/uploads\/2021\/07\/KHL_6761-1024x682.jpg 1024w, https:\/\/archive.sana.sy\/es\/wp-content\/uploads\/2021\/07\/KHL_6761-150x100.jpg 150w, https:\/\/archive.sana.sy\/es\/wp-content\/uploads\/2021\/07\/KHL_6761-768x512.jpg 768w, https:\/\/archive.sana.sy\/es\/wp-content\/uploads\/2021\/07\/KHL_6761-1536x1023.jpg 1536w, https:\/\/archive.sana.sy\/es\/wp-content\/uploads\/2021\/07\/KHL_6761-2048x1364.jpg 2048w\" sizes=\"(max-width: 300px) 100vw, 300px\" \/><\/p>\n<p>El Rector de la Universidad de Damasco, Muhammad Yasar Abdeen, dijo en un discurso durante la inauguraci\u00f3n que estos cursos van en el marco de la estrategia de la universidad para activar las oficinas de pr\u00e1ctica laboral de manera que contribuya a lograr la tercera funci\u00f3n de la universidad, que es el servicio a la comunidad.<\/p>\n<p>El Decano de la Facultad de Derecho, Haitham Al-Tas, indic\u00f3 que estos cursos se enmarcan en el proyecto nacional de reforma administrativa en cuanto a la preparaci\u00f3n de cuadros nacionales en todas las disciplinas para nutrir al mercado laboral con elementos j\u00f3venes y experiencia cualificada.<\/p>\n<p><span style=\"color: #0000ff;\"><strong>sm\/rsh<\/strong><\/span><\/p>\n","protected":false},"excerpt":{"rendered":"<p>Damasco, SANA Bajo el lema \u201cvincular la universidad con la sociedad y el mercado laboral\u201d, la facultad de Derecho de la Universidad de Damasco comenz\u00f3 cursos de pr\u00e1ctica laboral, con la cooperaci\u00f3n de la Uni\u00f3n Nacional de Estudiantes Sirios y los Ministerios del Interior y Justicia. El programa de los cursos incluye varias disciplinas de &hellip;<\/p>\n","protected":false},"author":39,"featured_media":188533,"comment_status":"closed","ping_status":"closed","sticky":false,"template":"","format":"standard","meta":{"footnotes":""},"categories":[597,16688,476],"tags":[],"class_list":["post-188532","post","type-post","status-publish","format-standard","has-post-thumbnail","","category-cinta-de-noticias","category-nacionales","category-locales"],"_links":{"self":[{"href":"https:\/\/archive.sana.sy\/es\/index.php?rest_route=\/wp\/v2\/posts\/188532"}],"collection":[{"href":"https:\/\/archive.sana.sy\/es\/index.php?rest_route=\/wp\/v2\/posts"}],"about":[{"href":"https:\/\/archive.sana.sy\/es\/index.php?rest_route=\/wp\/v2\/types\/post"}],"author":[{"embeddable":true,"href":"https:\/\/archive.sana.sy\/es\/index.php?rest_route=\/wp\/v2\/users\/39"}],"replies":[{"embeddable":true,"href":"https:\/\/archive.sana.sy\/es\/index.php?rest_route=%2Fwp%2Fv2%2Fcomments&post=188532"}],"version-history":[{"count":0,"href":"https:\/\/archive.sana.sy\/es\/index.php?rest_route=\/wp\/v2\/posts\/188532\/revisions"}],"wp:featuredmedia":[{"embeddable":true,"href":"https:\/\/archive.sana.sy\/es\/index.php?rest_route=\/wp\/v2\/media\/188533"}],"wp:attachment":[{"href":"https:\/\/archive.sana.sy\/es\/index.php?rest_route=%2Fwp%2Fv2%2Fmedia&parent=188532"}],"wp:term":[{"taxonomy":"category","embeddable":true,"href":"https:\/\/archive.sana.sy\/es\/index.php?rest_route=%2Fwp%2Fv2%2Fcategories&post=188532"},{"taxonomy":"post_tag","embeddable":true,"href":"https:\/\/archive.sana.sy\/es\/index.php?rest_route=%2Fwp%2Fv2%2Ftags&post=188532"}],"curies":[{"name":"wp","href":"https:\/\/api.w.org\/{rel}","templated":true}]}}