{"id":188556,"date":"2021-07-12T11:13:32","date_gmt":"2021-07-12T08:13:32","guid":{"rendered":"http:\/\/107.6.182.27\/es\/?p=188556"},"modified":"2023-01-10T15:14:02","modified_gmt":"2023-01-10T13:14:02","slug":"primer-ministro-inaugura-nuevo-canal-que-abastece-con-agua-potable-a-ciudad-de-homs","status":"publish","type":"post","link":"https:\/\/archive.sana.sy\/es\/?p=188556","title":{"rendered":"Primer Ministro inaugura nuevo canal que abastece con agua potable a ciudad de Homs"},"content":{"rendered":"<p style=\"text-align: justify;\"><strong><span style=\"color: #800000;\">Homs, SANA<\/span><\/strong><\/p>\n<p style=\"text-align: justify;\">El Primer Ministro, Hussein Arnous, puso en servicio hoy el proyecto del canal de agua que se extiende desde la localidad de al-Dabaa hacia la ciudad de Homs.<\/p>\n<p style=\"text-align: justify;\">El acto de inauguraci\u00f3n tuvo lugar durante un recorrido del Primer Ministro al frente de una delegaci\u00f3n gubernamental por varios proyectos de servicio y fomento en la provincia central de Homs.<\/p>\n<p style=\"text-align: justify;\">El director general de la Empresa de Agua Potable y Saneamiento en Homs, Hassan Humaidan, declar\u00f3 a SANA que el nuevo canal tiene 24 kil\u00f3metros de largo y una capacidad de bombear dos metros c\u00fabicos por segundo, y forma parte del proyecto &#8220;Altos del R\u00edo Oronte&#8221;.<\/p>\n<p style=\"text-align: justify;\">Agreg\u00f3 que es una alternativa al antiguo canal que ten\u00eda m\u00e1s de cincuenta a\u00f1os, lo cual reducir\u00eda la fuga de agua y repercutir\u00e1 positivamente en el abastecimiento de varias \u00e1reas.<\/p>\n<p style=\"text-align: justify;\"><span style=\"color: #0000ff;\"><strong>fm\/ws<\/strong><\/span><\/p>\n","protected":false},"excerpt":{"rendered":"<p>Homs, SANA El Primer Ministro, Hussein Arnous, puso en servicio hoy el proyecto del canal de agua que se extiende desde la localidad de al-Dabaa hacia la ciudad de Homs. El acto de inauguraci\u00f3n tuvo lugar durante un recorrido del Primer Ministro al frente de una delegaci\u00f3n gubernamental por varios proyectos de servicio y fomento &hellip;<\/p>\n","protected":false},"author":35,"featured_media":188557,"comment_status":"closed","ping_status":"closed","sticky":false,"template":"","format":"standard","meta":{"footnotes":""},"categories":[447,477,597,485,476,7541],"tags":[],"class_list":["post-188556","post","type-post","status-publish","format-standard","has-post-thumbnail","","category-local-politica","category-noticias-edulcorantes","category-cinta-de-noticias","category-informes-negocios-y-finanzas","category-locales","category-ultimas-noticias"],"_links":{"self":[{"href":"https:\/\/archive.sana.sy\/es\/index.php?rest_route=\/wp\/v2\/posts\/188556"}],"collection":[{"href":"https:\/\/archive.sana.sy\/es\/index.php?rest_route=\/wp\/v2\/posts"}],"about":[{"href":"https:\/\/archive.sana.sy\/es\/index.php?rest_route=\/wp\/v2\/types\/post"}],"author":[{"embeddable":true,"href":"https:\/\/archive.sana.sy\/es\/index.php?rest_route=\/wp\/v2\/users\/35"}],"replies":[{"embeddable":true,"href":"https:\/\/archive.sana.sy\/es\/index.php?rest_route=%2Fwp%2Fv2%2Fcomments&post=188556"}],"version-history":[{"count":0,"href":"https:\/\/archive.sana.sy\/es\/index.php?rest_route=\/wp\/v2\/posts\/188556\/revisions"}],"wp:featuredmedia":[{"embeddable":true,"href":"https:\/\/archive.sana.sy\/es\/index.php?rest_route=\/wp\/v2\/media\/188557"}],"wp:attachment":[{"href":"https:\/\/archive.sana.sy\/es\/index.php?rest_route=%2Fwp%2Fv2%2Fmedia&parent=188556"}],"wp:term":[{"taxonomy":"category","embeddable":true,"href":"https:\/\/archive.sana.sy\/es\/index.php?rest_route=%2Fwp%2Fv2%2Fcategories&post=188556"},{"taxonomy":"post_tag","embeddable":true,"href":"https:\/\/archive.sana.sy\/es\/index.php?rest_route=%2Fwp%2Fv2%2Ftags&post=188556"}],"curies":[{"name":"wp","href":"https:\/\/api.w.org\/{rel}","templated":true}]}}