{"id":188605,"date":"2021-07-12T16:26:06","date_gmt":"2021-07-12T13:26:06","guid":{"rendered":"http:\/\/107.6.182.27\/es\/?p=188605"},"modified":"2021-07-12T18:50:52","modified_gmt":"2021-07-12T15:50:52","slug":"milicia-separatista-fds-secuestra-a-varios-civiles-en-deir-ezzor","status":"publish","type":"post","link":"https:\/\/archive.sana.sy\/es\/?p=188605","title":{"rendered":"Milicia separatista FDS secuestra varios civiles en Deir Ezzor"},"content":{"rendered":"<p style=\"text-align: justify;\"><strong><span style=\"color: #800000;\">Deir Ezzor,SANA<\/span><\/strong><\/p>\n<p style=\"text-align: justify;\">La milicia separatista Fuerzas Democr\u00e1ticas Sirias (FDS), apadrinada por Washington, secuestr\u00f3 a varios residentes de la localidad de Al-Shafa en el campo de Deir Ezzor, seg\u00fan informaron fuentes locales.<\/p>\n<p style=\"text-align: justify;\">\u201cGrupos armados de FDS irrumpieron en la localidad y secuestraron a varios residentes y los llevaron a sus cuarteles\u201d, detallaron las fuentes.<\/p>\n<p style=\"text-align: justify;\">La milicia FDS intensific\u00f3 sus incursiones en las zonas que ocupa en la regi\u00f3n siria de al-Yazira. Asimismo, secuestr\u00f3 a cientos de j\u00f3venes en Deir Ezzor, Raqa y Hasakeh, y los llev\u00f3 a sus campamentos para enrolarlos forzosamente en sus filas.<\/p>\n<p style=\"text-align: justify;\"><strong><span style=\"color: #0000ff;\"><em>mm\/fm<\/em><\/span><\/strong><\/p>\n<p style=\"text-align: justify;\">\n","protected":false},"excerpt":{"rendered":"<p>Deir Ezzor,SANA La milicia separatista Fuerzas Democr\u00e1ticas Sirias (FDS), apadrinada por Washington, secuestr\u00f3 a varios residentes de la localidad de Al-Shafa en el campo de Deir Ezzor, seg\u00fan informaron fuentes locales. \u201cGrupos armados de FDS irrumpieron en la localidad y secuestraron a varios residentes y los llevaron a sus cuarteles\u201d, detallaron las fuentes. La milicia &hellip;<\/p>\n","protected":false},"author":36,"featured_media":188606,"comment_status":"closed","ping_status":"closed","sticky":false,"template":"","format":"standard","meta":{"footnotes":""},"categories":[597,573,7541],"tags":[],"class_list":["post-188605","post","type-post","status-publish","format-standard","has-post-thumbnail","","category-cinta-de-noticias","category-la-realidad-de-los-acontecimientos-en-siria","category-ultimas-noticias"],"_links":{"self":[{"href":"https:\/\/archive.sana.sy\/es\/index.php?rest_route=\/wp\/v2\/posts\/188605"}],"collection":[{"href":"https:\/\/archive.sana.sy\/es\/index.php?rest_route=\/wp\/v2\/posts"}],"about":[{"href":"https:\/\/archive.sana.sy\/es\/index.php?rest_route=\/wp\/v2\/types\/post"}],"author":[{"embeddable":true,"href":"https:\/\/archive.sana.sy\/es\/index.php?rest_route=\/wp\/v2\/users\/36"}],"replies":[{"embeddable":true,"href":"https:\/\/archive.sana.sy\/es\/index.php?rest_route=%2Fwp%2Fv2%2Fcomments&post=188605"}],"version-history":[{"count":0,"href":"https:\/\/archive.sana.sy\/es\/index.php?rest_route=\/wp\/v2\/posts\/188605\/revisions"}],"wp:featuredmedia":[{"embeddable":true,"href":"https:\/\/archive.sana.sy\/es\/index.php?rest_route=\/wp\/v2\/media\/188606"}],"wp:attachment":[{"href":"https:\/\/archive.sana.sy\/es\/index.php?rest_route=%2Fwp%2Fv2%2Fmedia&parent=188605"}],"wp:term":[{"taxonomy":"category","embeddable":true,"href":"https:\/\/archive.sana.sy\/es\/index.php?rest_route=%2Fwp%2Fv2%2Fcategories&post=188605"},{"taxonomy":"post_tag","embeddable":true,"href":"https:\/\/archive.sana.sy\/es\/index.php?rest_route=%2Fwp%2Fv2%2Ftags&post=188605"}],"curies":[{"name":"wp","href":"https:\/\/api.w.org\/{rel}","templated":true}]}}