{"id":188792,"date":"2021-07-13T18:25:49","date_gmt":"2021-07-13T15:25:49","guid":{"rendered":"http:\/\/107.6.182.27\/es\/?p=188792"},"modified":"2021-07-13T18:36:50","modified_gmt":"2021-07-13T15:36:50","slug":"el-terrorismo-y-las-medidas-coercitivas-unilaterales-son-el-mayor-reto-que-enfrentan-los-paises-del-mnoal-afirma-siria","status":"publish","type":"post","link":"https:\/\/archive.sana.sy\/es\/?p=188792","title":{"rendered":"El terrorismo y las medidas coercitivas unilaterales son el mayor reto que enfrentan los pa\u00edses del MNOAL, afirma Siria"},"content":{"rendered":"<p style=\"text-align: justify\"><span style=\"color: #800000\">Bak\u00fa, SANA<\/span><\/p>\n<p style=\"text-align: justify\">El Ministro de Relaciones Exteriores y Expatriados, Faisal al-Mekdad, destac\u00f3 que el terrorismo y las medidas coercitivas unilaterales representan el mayor reto que enfrenta el Movimiento de Pa\u00edses No Alineados (MNOAL), y subray\u00f3 la necesidad de que los estados de esta alianza se cooperen para hacer cara a estos desaf\u00edos.<\/p>\n<p style=\"text-align: justify\">Al-Mekdad hizo estas declaraciones durante su intervenci\u00f3n en la Conferencia Ministerial de mitad de per\u00edodo del MNOAL, celebrada de forma virtual en la capital de Azerbaiy\u00e1n, Bak\u00fa.<\/p>\n<p style=\"text-align: justify\">El jefe de la diplomacia siria explic\u00f3 que el papel del MNOAL es lograr un mundo m\u00e1s seguro regido por la paz, justicia, y solidaridad y basado en los principios de respeto a la soberan\u00eda, independencia, integridad territorial, igualdad y la no injerencia en los asuntos internos de los estados.<\/p>\n<p style=\"text-align: justify\">Indic\u00f3 que el terrorismo constituye unas de las mayores amenazas para la paz y seguridad internacionales, y denunci\u00f3 que el terrorismo econ\u00f3mico plasmado en la imposici\u00f3n de medidas coercitivas unilaterales tiene por objetivo ahogar a los pueblos de los pa\u00edses del movimiento y socavar su decisi\u00f3n soberana.<\/p>\n<p style=\"text-align: justify\">Dirigi\u00f3 un llamamiento para no permitir que la lucha contra el terrorismo se convierta en una excusa para formar alianzas ileg\u00edtimas sin mandato internacional, como lo ha hecho EEUU en varias ocasiones en Oriente Medio.<\/p>\n<p style=\"text-align: justify\">Exigi\u00f3 poner fin a las malinterpretaciones de las disposiciones de la Carta de las Naciones destinadas a justificar actos de agresi\u00f3n contra pa\u00edses soberanos, tal como actu\u00f3 Washington y Occidente en Siria.<\/p>\n<p style=\"text-align: justify\">\u201cLos Estados miembros deben oponerse a estas pol\u00edticas, condenar todas las formas de agresi\u00f3n, y participar en la iniciativa \u201cel Grupo de Amigos en Defensa de la Carta de las Naciones Unidas\u201d, que se form\u00f3 recientemente en Nueva York en una iniciativa de la amiga Rep\u00fablica Bolivariana de Venezuela\u201d, asever\u00f3.<\/p>\n<p style=\"text-align: justify\">Denunci\u00f3 que las medidas coercitivas ilegales impuestas por EE.UU. y la Uni\u00f3n Europea al pueblo sirio han tenido un impacto catastr\u00f3fico en todos los sectores del pa\u00eds y la vida cotidiana de la ciudadan\u00eda, y pidi\u00f3 al MNOAL solidarizarse con Siria en materia del levantamiento inmediato de las mismas, y prevenir su imposici\u00f3n a otros pa\u00edses.<\/p>\n<p style=\"text-align: justify\">\u201cLos pa\u00edses del mundo han expresado un\u00e1nimemente su apoyo a Cuba para detener estas medidas unilaterales, y Estados Unidos y Occidente deben respetar la voluntad de los pueblos del mundo\u201d, enfatiz\u00f3.<\/p>\n<p style=\"text-align: justify\">En otro contexto, el Canciller sirio conden\u00f3 la continua ocupaci\u00f3n del ente israel\u00ed de territorios \u00e1rabes en Siria, El L\u00edbano y Palestina, y los repetidos ataques israel\u00edes contra el pueblo palestino y la soberan\u00eda e independencia de Siria y El L\u00edbano, y afirm\u00f3 la negativa de Siria a perjudicar el estatus jur\u00eddico, geogr\u00e1fico y pol\u00edtico del Gol\u00e1n sirio ocupado y su determinaci\u00f3n de poner fin a cualquier presencia militar extranjera ilegal en sus tierras.<\/p>\n<p style=\"text-align: justify\">Concluyendo sus palabras, al-Mekdad reiter\u00f3 la firme posici\u00f3n de Siria en apoyo de la causa palestina y el derecho del pueblo palestino a la autodeterminaci\u00f3n, al retorno, y al establecimiento de un estado independiente, con Jerusal\u00e9n como su capital.<\/p>\n<p style=\"text-align: justify\"><span style=\"color: #0000ff\"><em><strong>la<\/strong><\/em><\/span><\/p>\n","protected":false},"excerpt":{"rendered":"<p>Bak\u00fa, SANA El Ministro de Relaciones Exteriores y Expatriados, Faisal al-Mekdad, destac\u00f3 que el terrorismo y las medidas coercitivas unilaterales representan el mayor reto que enfrenta el Movimiento de Pa\u00edses No Alineados (MNOAL), y subray\u00f3 la necesidad de que los estados de esta alianza se cooperen para hacer cara a estos desaf\u00edos. Al-Mekdad hizo estas &hellip;<\/p>\n","protected":false},"author":24,"featured_media":188793,"comment_status":"closed","ping_status":"closed","sticky":false,"template":"","format":"standard","meta":{"footnotes":""},"categories":[597,467,7541],"tags":[],"class_list":["post-188792","post","type-post","status-publish","format-standard","has-post-thumbnail","","category-cinta-de-noticias","category-siria-y-el-mundo","category-ultimas-noticias"],"_links":{"self":[{"href":"https:\/\/archive.sana.sy\/es\/index.php?rest_route=\/wp\/v2\/posts\/188792"}],"collection":[{"href":"https:\/\/archive.sana.sy\/es\/index.php?rest_route=\/wp\/v2\/posts"}],"about":[{"href":"https:\/\/archive.sana.sy\/es\/index.php?rest_route=\/wp\/v2\/types\/post"}],"author":[{"embeddable":true,"href":"https:\/\/archive.sana.sy\/es\/index.php?rest_route=\/wp\/v2\/users\/24"}],"replies":[{"embeddable":true,"href":"https:\/\/archive.sana.sy\/es\/index.php?rest_route=%2Fwp%2Fv2%2Fcomments&post=188792"}],"version-history":[{"count":0,"href":"https:\/\/archive.sana.sy\/es\/index.php?rest_route=\/wp\/v2\/posts\/188792\/revisions"}],"wp:featuredmedia":[{"embeddable":true,"href":"https:\/\/archive.sana.sy\/es\/index.php?rest_route=\/wp\/v2\/media\/188793"}],"wp:attachment":[{"href":"https:\/\/archive.sana.sy\/es\/index.php?rest_route=%2Fwp%2Fv2%2Fmedia&parent=188792"}],"wp:term":[{"taxonomy":"category","embeddable":true,"href":"https:\/\/archive.sana.sy\/es\/index.php?rest_route=%2Fwp%2Fv2%2Fcategories&post=188792"},{"taxonomy":"post_tag","embeddable":true,"href":"https:\/\/archive.sana.sy\/es\/index.php?rest_route=%2Fwp%2Fv2%2Ftags&post=188792"}],"curies":[{"name":"wp","href":"https:\/\/api.w.org\/{rel}","templated":true}]}}