{"id":188803,"date":"2021-07-13T19:39:16","date_gmt":"2021-07-13T16:39:16","guid":{"rendered":"http:\/\/107.6.182.27\/es\/?p=188803"},"modified":"2023-01-10T15:14:00","modified_gmt":"2023-01-10T13:14:00","slug":"posponen-62a-edicion-de-la-feria-internacional-de-damasco","status":"publish","type":"post","link":"https:\/\/archive.sana.sy\/es\/?p=188803","title":{"rendered":"Posponen 62\u00aa edici\u00f3n de la Feria Internacional de Damasco"},"content":{"rendered":"<p style=\"text-align: justify;\"><strong><span style=\"color: #800000;\">Damasco, SANA<\/span><\/strong><\/p>\n<p style=\"text-align: justify;\">El Ministerio de Econom\u00eda y Comercio Exterior anunci\u00f3 posponer hasta nuevo aviso, la 62\u00aa edici\u00f3n de la Feria Internacional de Damasco.<\/p>\n<p style=\"text-align: justify;\">En un comunicado, el Ministerio explic\u00f3 que la posposici\u00f3n de este gran evento se debe a las circunstancias generadas por la pandemia de la Covid-19 a nivel mundial.<\/p>\n<p style=\"text-align: justify;\">La inauguraci\u00f3n de la edici\u00f3n actual de la Feria Internacional de Damasco estaba previsto para el 26 de agosto pr\u00f3ximo.<\/p>\n<p style=\"text-align: justify;\"><span style=\"color: #0000ff;\"><strong>la\/fm<\/strong><\/span><\/p>\n","protected":false},"excerpt":{"rendered":"<p>Damasco, SANA El Ministerio de Econom\u00eda y Comercio Exterior anunci\u00f3 posponer hasta nuevo aviso, la 62\u00aa edici\u00f3n de la Feria Internacional de Damasco. En un comunicado, el Ministerio explic\u00f3 que la posposici\u00f3n de este gran evento se debe a las circunstancias generadas por la pandemia de la Covid-19 a nivel mundial. La inauguraci\u00f3n de la &hellip;<\/p>\n","protected":false},"author":24,"featured_media":112577,"comment_status":"closed","ping_status":"closed","sticky":false,"template":"","format":"standard","meta":{"footnotes":""},"categories":[597,16686,485,7541],"tags":[],"class_list":["post-188803","post","type-post","status-publish","format-standard","has-post-thumbnail","","category-cinta-de-noticias","category-economia","category-informes-negocios-y-finanzas","category-ultimas-noticias"],"_links":{"self":[{"href":"https:\/\/archive.sana.sy\/es\/index.php?rest_route=\/wp\/v2\/posts\/188803"}],"collection":[{"href":"https:\/\/archive.sana.sy\/es\/index.php?rest_route=\/wp\/v2\/posts"}],"about":[{"href":"https:\/\/archive.sana.sy\/es\/index.php?rest_route=\/wp\/v2\/types\/post"}],"author":[{"embeddable":true,"href":"https:\/\/archive.sana.sy\/es\/index.php?rest_route=\/wp\/v2\/users\/24"}],"replies":[{"embeddable":true,"href":"https:\/\/archive.sana.sy\/es\/index.php?rest_route=%2Fwp%2Fv2%2Fcomments&post=188803"}],"version-history":[{"count":0,"href":"https:\/\/archive.sana.sy\/es\/index.php?rest_route=\/wp\/v2\/posts\/188803\/revisions"}],"wp:featuredmedia":[{"embeddable":true,"href":"https:\/\/archive.sana.sy\/es\/index.php?rest_route=\/wp\/v2\/media\/112577"}],"wp:attachment":[{"href":"https:\/\/archive.sana.sy\/es\/index.php?rest_route=%2Fwp%2Fv2%2Fmedia&parent=188803"}],"wp:term":[{"taxonomy":"category","embeddable":true,"href":"https:\/\/archive.sana.sy\/es\/index.php?rest_route=%2Fwp%2Fv2%2Fcategories&post=188803"},{"taxonomy":"post_tag","embeddable":true,"href":"https:\/\/archive.sana.sy\/es\/index.php?rest_route=%2Fwp%2Fv2%2Ftags&post=188803"}],"curies":[{"name":"wp","href":"https:\/\/api.w.org\/{rel}","templated":true}]}}