{"id":188806,"date":"2021-07-13T20:48:08","date_gmt":"2021-07-13T17:48:08","guid":{"rendered":"http:\/\/107.6.182.27\/es\/?p=188806"},"modified":"2023-01-12T14:40:51","modified_gmt":"2023-01-12T12:40:51","slug":"iran-condena-injerencia-externa-en-asuntos-internos-de-cuba","status":"publish","type":"post","link":"https:\/\/archive.sana.sy\/es\/?p=188806","title":{"rendered":"Ir\u00e1n condena injerencia externa en asuntos internos de Cuba"},"content":{"rendered":"<p><span style=\"color: #800000;\">Teher\u00e1n, SANA<\/span><\/p>\n<p style=\"text-align: justify;\">El portavoz del Ministerio de Relaciones Exteriores de Ir\u00e1n, Saeed Khatibzadeh, denunci\u00f3 la injerencia extranjera en los asuntos internos de Cuba y pidi\u00f3 el fin inmediato del embargo unilateral estadounidense , seg\u00fan inform\u00f3 la agencia iran\u00ed de noticias IRNA.<\/p>\n<p style=\"text-align: justify;\">\u201cCuba lleva m\u00e1s de 6 d\u00e9cadas bajo injustas sanciones de Estados Unidos, lo que ha socavado la econom\u00eda y la situaci\u00f3n de vida de este pa\u00eds, especialmente a la luz del estallido de la epidemia de VOVID-19\u201d, explic\u00f3 el vocero iran\u00ed.<\/p>\n<p style=\"text-align: justify;\">En otra parte de sus declaraciones se\u00f1al\u00f3 que Ir\u00e1n anuncia su condena y denuncia de las sanciones ilegales de Estados Unidos, que constituyen el principal elemento de las dif\u00edciles condiciones econ\u00f3micas que atraviesa el pueblo cubano, y expresa su solidaridad con el gobierno y pueblo de Cuba, y tambi\u00e9n exige un cese inmediato de las sanciones estadounidenses.<\/p>\n<p style=\"text-align: justify;\">Cuba enfrenta injusto bloqueo econ\u00f3mico impuesto por Estados Unidos desde hace 60 a\u00f1os debido a sus pol\u00edticas unipolares y hegem\u00f3nicas.<\/p>\n<p><em>mm<\/em><\/p>\n","protected":false},"excerpt":{"rendered":"<p>Teher\u00e1n, SANA El portavoz del Ministerio de Relaciones Exteriores de Ir\u00e1n, Saeed Khatibzadeh, denunci\u00f3 la injerencia extranjera en los asuntos internos de Cuba y pidi\u00f3 el fin inmediato del embargo unilateral estadounidense , seg\u00fan inform\u00f3 la agencia iran\u00ed de noticias IRNA. \u201cCuba lleva m\u00e1s de 6 d\u00e9cadas bajo injustas sanciones de Estados Unidos, lo que &hellip;<\/p>\n","protected":false},"author":36,"featured_media":188807,"comment_status":"closed","ping_status":"closed","sticky":false,"template":"","format":"standard","meta":{"footnotes":""},"categories":[597,456,457],"tags":[],"class_list":["post-188806","post","type-post","status-publish","format-standard","has-post-thumbnail","","category-cinta-de-noticias","category-arabe-internacional-politica","category-noticias-arabe-internacional-politica"],"_links":{"self":[{"href":"https:\/\/archive.sana.sy\/es\/index.php?rest_route=\/wp\/v2\/posts\/188806"}],"collection":[{"href":"https:\/\/archive.sana.sy\/es\/index.php?rest_route=\/wp\/v2\/posts"}],"about":[{"href":"https:\/\/archive.sana.sy\/es\/index.php?rest_route=\/wp\/v2\/types\/post"}],"author":[{"embeddable":true,"href":"https:\/\/archive.sana.sy\/es\/index.php?rest_route=\/wp\/v2\/users\/36"}],"replies":[{"embeddable":true,"href":"https:\/\/archive.sana.sy\/es\/index.php?rest_route=%2Fwp%2Fv2%2Fcomments&post=188806"}],"version-history":[{"count":0,"href":"https:\/\/archive.sana.sy\/es\/index.php?rest_route=\/wp\/v2\/posts\/188806\/revisions"}],"wp:featuredmedia":[{"embeddable":true,"href":"https:\/\/archive.sana.sy\/es\/index.php?rest_route=\/wp\/v2\/media\/188807"}],"wp:attachment":[{"href":"https:\/\/archive.sana.sy\/es\/index.php?rest_route=%2Fwp%2Fv2%2Fmedia&parent=188806"}],"wp:term":[{"taxonomy":"category","embeddable":true,"href":"https:\/\/archive.sana.sy\/es\/index.php?rest_route=%2Fwp%2Fv2%2Fcategories&post=188806"},{"taxonomy":"post_tag","embeddable":true,"href":"https:\/\/archive.sana.sy\/es\/index.php?rest_route=%2Fwp%2Fv2%2Ftags&post=188806"}],"curies":[{"name":"wp","href":"https:\/\/api.w.org\/{rel}","templated":true}]}}