{"id":188827,"date":"2021-07-14T07:22:14","date_gmt":"2021-07-14T04:22:14","guid":{"rendered":"http:\/\/107.6.182.27\/es\/?p=188827"},"modified":"2023-01-10T14:27:36","modified_gmt":"2023-01-10T12:27:36","slug":"gabinete-aprueba-resultados-de-conferencia-de-desarrollo-agricola-y-reduce-tarifa-de-examen-de-pcr","status":"publish","type":"post","link":"https:\/\/archive.sana.sy\/es\/?p=188827","title":{"rendered":"Gabinete aprueba resultados de Conferencia de Desarrollo Agr\u00edcola y reduce tarifa de examen de PCR"},"content":{"rendered":"<p style=\"text-align: justify;\"><span style=\"color: #800000;\"><strong>Damasco, SANA<\/strong><\/span><\/p>\n<p style=\"text-align: justify;\">El Consejo de Ministros aprob\u00f3 hoy los resultados de la Conferencia de Desarrollo del Sector Agr\u00edcola y los programas ejecutivos que reestructurar\u00e1n, rehabilitar\u00e1n e impulsar\u00e1n este sector, y tambi\u00e9n fomentar\u00e1n la producci\u00f3n y la productividad de manera cient\u00edfica hasta lograr la autosuficiencia.<\/p>\n<p style=\"text-align: justify;\">El Gabinete decidi\u00f3 tambi\u00e9n reducir la tarifa del examen &#8220;PCR&#8221; para quienes viajar\u00e1n al exterior a 50 d\u00f3lares en lugar de 100 d\u00f3lares.<\/p>\n<p style=\"text-align: justify;\">Aprob\u00f3 la asignaci\u00f3n de dos mil millones de libras para el Hospital Docente de la Universidad de al-Baath para completar el equipamiento del hospital.<\/p>\n<p style=\"text-align: justify;\">Tambi\u00e9n dio luz verde para la Imprenta Nacional para imprimir y encuadernar 6 millones 450 mil ejemplares de libros escolares.<\/p>\n<p style=\"text-align: justify;\"><span style=\"color: #0000ff;\"><strong>fm<\/strong><\/span><\/p>\n","protected":false},"excerpt":{"rendered":"<p>Damasco, SANA El Consejo de Ministros aprob\u00f3 hoy los resultados de la Conferencia de Desarrollo del Sector Agr\u00edcola y los programas ejecutivos que reestructurar\u00e1n, rehabilitar\u00e1n e impulsar\u00e1n este sector, y tambi\u00e9n fomentar\u00e1n la producci\u00f3n y la productividad de manera cient\u00edfica hasta lograr la autosuficiencia. El Gabinete decidi\u00f3 tambi\u00e9n reducir la tarifa del examen &#8220;PCR&#8221; para &hellip;<\/p>\n","protected":false},"author":34,"featured_media":188828,"comment_status":"closed","ping_status":"closed","sticky":false,"template":"","format":"standard","meta":{"footnotes":""},"categories":[477,447,597,476,7541],"tags":[],"class_list":["post-188827","post","type-post","status-publish","format-standard","has-post-thumbnail","","category-noticias-edulcorantes","category-local-politica","category-cinta-de-noticias","category-locales","category-ultimas-noticias"],"_links":{"self":[{"href":"https:\/\/archive.sana.sy\/es\/index.php?rest_route=\/wp\/v2\/posts\/188827"}],"collection":[{"href":"https:\/\/archive.sana.sy\/es\/index.php?rest_route=\/wp\/v2\/posts"}],"about":[{"href":"https:\/\/archive.sana.sy\/es\/index.php?rest_route=\/wp\/v2\/types\/post"}],"author":[{"embeddable":true,"href":"https:\/\/archive.sana.sy\/es\/index.php?rest_route=\/wp\/v2\/users\/34"}],"replies":[{"embeddable":true,"href":"https:\/\/archive.sana.sy\/es\/index.php?rest_route=%2Fwp%2Fv2%2Fcomments&post=188827"}],"version-history":[{"count":0,"href":"https:\/\/archive.sana.sy\/es\/index.php?rest_route=\/wp\/v2\/posts\/188827\/revisions"}],"wp:featuredmedia":[{"embeddable":true,"href":"https:\/\/archive.sana.sy\/es\/index.php?rest_route=\/wp\/v2\/media\/188828"}],"wp:attachment":[{"href":"https:\/\/archive.sana.sy\/es\/index.php?rest_route=%2Fwp%2Fv2%2Fmedia&parent=188827"}],"wp:term":[{"taxonomy":"category","embeddable":true,"href":"https:\/\/archive.sana.sy\/es\/index.php?rest_route=%2Fwp%2Fv2%2Fcategories&post=188827"},{"taxonomy":"post_tag","embeddable":true,"href":"https:\/\/archive.sana.sy\/es\/index.php?rest_route=%2Fwp%2Fv2%2Ftags&post=188827"}],"curies":[{"name":"wp","href":"https:\/\/api.w.org\/{rel}","templated":true}]}}