{"id":188860,"date":"2021-07-14T12:48:16","date_gmt":"2021-07-14T09:48:16","guid":{"rendered":"http:\/\/107.6.182.27\/es\/?p=188860"},"modified":"2023-01-12T14:40:51","modified_gmt":"2023-01-12T12:40:51","slug":"tropas-sionistas-arrestan-a-16-palestinos-en-cisjordania","status":"publish","type":"post","link":"https:\/\/archive.sana.sy\/es\/?p=188860","title":{"rendered":"Tropas sionistas arrestan a 16 palestinos en Cisjordania"},"content":{"rendered":"<p style=\"text-align: justify;\"><strong><span style=\"color: #800000;\">Jerusal\u00e9n ocupada, SANA<\/span><\/strong><\/p>\n<p style=\"text-align: justify;\">Las tropas de ocupaci\u00f3n israel\u00edes arrestaron hoy a 16 palestinos en diferentes \u00e1reas de Cisjordania.<\/p>\n<p style=\"text-align: justify;\">Seg\u00fan divulg\u00f3 la agencia WAFA, los soldados sionistas irrumpieron en las ciudades de Beita al sur de Nablus, Tuqu al este de Bel\u00e9n, y el campamento Fara&#8217;a al sur de Tubas, donde allanaron los hogares palestinos y arrestaron a 16 de sus habitantes.<\/p>\n<p style=\"text-align: justify;\">En la v\u00edspera, las fuerzas de ocupaci\u00f3n israel\u00edes arrestaron arbitrariamente a 11 palestinos.<\/p>\n<p style=\"text-align: justify;\"><strong><span style=\"color: #0000ff;\">ed\/fm<\/span><\/strong><\/p>\n","protected":false},"excerpt":{"rendered":"<p>Jerusal\u00e9n ocupada, SANA Las tropas de ocupaci\u00f3n israel\u00edes arrestaron hoy a 16 palestinos en diferentes \u00e1reas de Cisjordania. Seg\u00fan divulg\u00f3 la agencia WAFA, los soldados sionistas irrumpieron en las ciudades de Beita al sur de Nablus, Tuqu al este de Bel\u00e9n, y el campamento Fara&#8217;a al sur de Tubas, donde allanaron los hogares palestinos y &hellip;<\/p>\n","protected":false},"author":32,"featured_media":188861,"comment_status":"closed","ping_status":"closed","sticky":false,"template":"","format":"standard","meta":{"footnotes":""},"categories":[597,456],"tags":[],"class_list":["post-188860","post","type-post","status-publish","format-standard","has-post-thumbnail","","category-cinta-de-noticias","category-arabe-internacional-politica"],"_links":{"self":[{"href":"https:\/\/archive.sana.sy\/es\/index.php?rest_route=\/wp\/v2\/posts\/188860"}],"collection":[{"href":"https:\/\/archive.sana.sy\/es\/index.php?rest_route=\/wp\/v2\/posts"}],"about":[{"href":"https:\/\/archive.sana.sy\/es\/index.php?rest_route=\/wp\/v2\/types\/post"}],"author":[{"embeddable":true,"href":"https:\/\/archive.sana.sy\/es\/index.php?rest_route=\/wp\/v2\/users\/32"}],"replies":[{"embeddable":true,"href":"https:\/\/archive.sana.sy\/es\/index.php?rest_route=%2Fwp%2Fv2%2Fcomments&post=188860"}],"version-history":[{"count":0,"href":"https:\/\/archive.sana.sy\/es\/index.php?rest_route=\/wp\/v2\/posts\/188860\/revisions"}],"wp:featuredmedia":[{"embeddable":true,"href":"https:\/\/archive.sana.sy\/es\/index.php?rest_route=\/wp\/v2\/media\/188861"}],"wp:attachment":[{"href":"https:\/\/archive.sana.sy\/es\/index.php?rest_route=%2Fwp%2Fv2%2Fmedia&parent=188860"}],"wp:term":[{"taxonomy":"category","embeddable":true,"href":"https:\/\/archive.sana.sy\/es\/index.php?rest_route=%2Fwp%2Fv2%2Fcategories&post=188860"},{"taxonomy":"post_tag","embeddable":true,"href":"https:\/\/archive.sana.sy\/es\/index.php?rest_route=%2Fwp%2Fv2%2Ftags&post=188860"}],"curies":[{"name":"wp","href":"https:\/\/api.w.org\/{rel}","templated":true}]}}