{"id":188931,"date":"2021-07-14T15:36:49","date_gmt":"2021-07-14T12:36:49","guid":{"rendered":"http:\/\/107.6.182.27\/es\/?p=188931"},"modified":"2021-07-14T19:43:35","modified_gmt":"2021-07-14T16:43:35","slug":"cancilleres-del-mnoal-exigen-retirada-completa-del-ente-israeli-del-golan-sirio-ocupado","status":"publish","type":"post","link":"https:\/\/archive.sana.sy\/es\/?p=188931","title":{"rendered":"Cancilleres del MNOAL exigen retirada completa del ente israel\u00ed del Gol\u00e1n sirio ocupado"},"content":{"rendered":"<p style=\"text-align: justify\"><span style=\"color: #800000\">Bak\u00fa, SANA<\/span><\/p>\n<p style=\"text-align: justify\">Los Cancilleres del Movimiento de Pa\u00edses no Alineados (MNOAL) reiteraron hoy su plena solidaridad con Siria en sus esfuerzos para recuperar el Gol\u00e1n sirio ocupado.<\/p>\n<p style=\"text-align: justify\">En una declaraci\u00f3n emitida este mi\u00e9rcoles tras el t\u00e9rmino de la Conferencia Ministerial de mitad de per\u00edodo del MNOAL celebrada de forma virtual en la capital de Azerbaiy\u00e1n, Bak\u00fa, los ministros exigieron a Israel, la potencia ocupante, que implemente la Resoluci\u00f3n No. 497 de 1981 respecto al Gol\u00e1n, y consideraron que las medidas israel\u00edes para cambiar el estatus jur\u00eddico y demogr\u00e1fico de este territorio sirio ocupado son nulas y sin efecto legal.<\/p>\n<p style=\"text-align: justify\">En este sentido, exigieron a la potencia ocupante que se retire de forma completa del Gol\u00e1n sirio hasta la l\u00ednea del 4 de junio de 1967, en cumplimiento de las resoluciones del Consejo de Seguridad No. 242 y 338.<\/p>\n<p style=\"text-align: justify\">Inst\u00f3 a Israel que se adhiera al Tratado de No Proliferaci\u00f3n Nuclear (TNP) sin previas condiciones y coloque inmediatamente sus instalaciones nucleares bajo el sistema de salvaguardias del Organismo Internacional de Energ\u00eda At\u00f3mica (OIEA).<\/p>\n<p>Cabe destacar que la conferencia cont\u00f3 con la asistencia de Faisal al-Mekdad, Ministro de Relaciones Exteriores y Expatriados de Siria.<\/p>\n<p style=\"text-align: justify\"><span style=\"color: #0000ff\"><strong><em>la<\/em><\/strong><\/span><\/p>\n","protected":false},"excerpt":{"rendered":"<p>Bak\u00fa, SANA Los Cancilleres del Movimiento de Pa\u00edses no Alineados (MNOAL) reiteraron hoy su plena solidaridad con Siria en sus esfuerzos para recuperar el Gol\u00e1n sirio ocupado. En una declaraci\u00f3n emitida este mi\u00e9rcoles tras el t\u00e9rmino de la Conferencia Ministerial de mitad de per\u00edodo del MNOAL celebrada de forma virtual en la capital de Azerbaiy\u00e1n, &hellip;<\/p>\n","protected":false},"author":24,"featured_media":188932,"comment_status":"closed","ping_status":"closed","sticky":false,"template":"","format":"standard","meta":{"footnotes":""},"categories":[597,467,7541],"tags":[],"class_list":["post-188931","post","type-post","status-publish","format-standard","has-post-thumbnail","","category-cinta-de-noticias","category-siria-y-el-mundo","category-ultimas-noticias"],"_links":{"self":[{"href":"https:\/\/archive.sana.sy\/es\/index.php?rest_route=\/wp\/v2\/posts\/188931"}],"collection":[{"href":"https:\/\/archive.sana.sy\/es\/index.php?rest_route=\/wp\/v2\/posts"}],"about":[{"href":"https:\/\/archive.sana.sy\/es\/index.php?rest_route=\/wp\/v2\/types\/post"}],"author":[{"embeddable":true,"href":"https:\/\/archive.sana.sy\/es\/index.php?rest_route=\/wp\/v2\/users\/24"}],"replies":[{"embeddable":true,"href":"https:\/\/archive.sana.sy\/es\/index.php?rest_route=%2Fwp%2Fv2%2Fcomments&post=188931"}],"version-history":[{"count":0,"href":"https:\/\/archive.sana.sy\/es\/index.php?rest_route=\/wp\/v2\/posts\/188931\/revisions"}],"wp:featuredmedia":[{"embeddable":true,"href":"https:\/\/archive.sana.sy\/es\/index.php?rest_route=\/wp\/v2\/media\/188932"}],"wp:attachment":[{"href":"https:\/\/archive.sana.sy\/es\/index.php?rest_route=%2Fwp%2Fv2%2Fmedia&parent=188931"}],"wp:term":[{"taxonomy":"category","embeddable":true,"href":"https:\/\/archive.sana.sy\/es\/index.php?rest_route=%2Fwp%2Fv2%2Fcategories&post=188931"},{"taxonomy":"post_tag","embeddable":true,"href":"https:\/\/archive.sana.sy\/es\/index.php?rest_route=%2Fwp%2Fv2%2Ftags&post=188931"}],"curies":[{"name":"wp","href":"https:\/\/api.w.org\/{rel}","templated":true}]}}