{"id":188936,"date":"2021-07-14T20:58:52","date_gmt":"2021-07-14T17:58:52","guid":{"rendered":"http:\/\/107.6.182.27\/es\/?p=188936"},"modified":"2023-01-12T14:40:51","modified_gmt":"2023-01-12T12:40:51","slug":"caza-ruso-intercepta-un-avion-espia-estadounidense-sobre-el-mar-negro","status":"publish","type":"post","link":"https:\/\/archive.sana.sy\/es\/?p=188936","title":{"rendered":"Caza ruso intercepta un avi\u00f3n esp\u00eda estadounidense sobre el Mar Negro"},"content":{"rendered":"<p><span style=\"color: #800000;\">Mosc\u00fa, SANA<\/span><\/p>\n<p style=\"text-align: justify;\">El Ministerio de Defensa ruso anunci\u00f3 hoy que un caza Su-27 hab\u00eda interceptado un avi\u00f3n esp\u00eda de la Fuerza A\u00e9rea de los Estados Unidos y le hab\u00eda impedido violar las fronteras de Rusia sobre el Mar Negro.<\/p>\n<p style=\"text-align: justify;\">\u201cLos sistemas de defensa antia\u00e9rea rusos detectaron un blanco a\u00e9reo que se acercaba a la frontera rusa en las aguas internacionales del Mar Negro \u2026 en respuesta, la Fuerza de Defensa A\u00e9rea de Rusia en la regi\u00f3n sur envi\u00f3 un caza Su-27 para interceptarlos\u201d, detall\u00f3 un comunicado del Ministerio.<\/p>\n<p style=\"text-align: justify;\">Seg\u00fan la nota, la tripulaci\u00f3n del avi\u00f3n de combate ruso \u201cse acerc\u00f3 a una distancia segura del objeto a\u00e9reo\u201d y lo identific\u00f3 como un avi\u00f3n de reconocimiento estadounidense RC-135.<\/p>\n<p><em>mm<\/em><\/p>\n","protected":false},"excerpt":{"rendered":"<p>Mosc\u00fa, SANA El Ministerio de Defensa ruso anunci\u00f3 hoy que un caza Su-27 hab\u00eda interceptado un avi\u00f3n esp\u00eda de la Fuerza A\u00e9rea de los Estados Unidos y le hab\u00eda impedido violar las fronteras de Rusia sobre el Mar Negro. \u201cLos sistemas de defensa antia\u00e9rea rusos detectaron un blanco a\u00e9reo que se acercaba a la frontera &hellip;<\/p>\n","protected":false},"author":36,"featured_media":188937,"comment_status":"closed","ping_status":"closed","sticky":false,"template":"","format":"standard","meta":{"footnotes":""},"categories":[597,456,457],"tags":[],"class_list":["post-188936","post","type-post","status-publish","format-standard","has-post-thumbnail","","category-cinta-de-noticias","category-arabe-internacional-politica","category-noticias-arabe-internacional-politica"],"_links":{"self":[{"href":"https:\/\/archive.sana.sy\/es\/index.php?rest_route=\/wp\/v2\/posts\/188936"}],"collection":[{"href":"https:\/\/archive.sana.sy\/es\/index.php?rest_route=\/wp\/v2\/posts"}],"about":[{"href":"https:\/\/archive.sana.sy\/es\/index.php?rest_route=\/wp\/v2\/types\/post"}],"author":[{"embeddable":true,"href":"https:\/\/archive.sana.sy\/es\/index.php?rest_route=\/wp\/v2\/users\/36"}],"replies":[{"embeddable":true,"href":"https:\/\/archive.sana.sy\/es\/index.php?rest_route=%2Fwp%2Fv2%2Fcomments&post=188936"}],"version-history":[{"count":0,"href":"https:\/\/archive.sana.sy\/es\/index.php?rest_route=\/wp\/v2\/posts\/188936\/revisions"}],"wp:featuredmedia":[{"embeddable":true,"href":"https:\/\/archive.sana.sy\/es\/index.php?rest_route=\/wp\/v2\/media\/188937"}],"wp:attachment":[{"href":"https:\/\/archive.sana.sy\/es\/index.php?rest_route=%2Fwp%2Fv2%2Fmedia&parent=188936"}],"wp:term":[{"taxonomy":"category","embeddable":true,"href":"https:\/\/archive.sana.sy\/es\/index.php?rest_route=%2Fwp%2Fv2%2Fcategories&post=188936"},{"taxonomy":"post_tag","embeddable":true,"href":"https:\/\/archive.sana.sy\/es\/index.php?rest_route=%2Fwp%2Fv2%2Ftags&post=188936"}],"curies":[{"name":"wp","href":"https:\/\/api.w.org\/{rel}","templated":true}]}}