{"id":188939,"date":"2021-07-14T21:12:46","date_gmt":"2021-07-14T18:12:46","guid":{"rendered":"http:\/\/107.6.182.27\/es\/?p=188939"},"modified":"2023-01-10T15:13:59","modified_gmt":"2023-01-10T13:13:59","slug":"siria-e-irak-abogan-por-fortalecer-cooperacion-en-materia-de-agua","status":"publish","type":"post","link":"https:\/\/archive.sana.sy\/es\/?p=188939","title":{"rendered":"Siria e Irak abogan por fortalecer cooperaci\u00f3n en materia de agua"},"content":{"rendered":"<p style=\"text-align: justify;\"><strong><span style=\"color: #800000;\">Damasco, SANA<\/span><\/strong><\/p>\n<p style=\"text-align: justify;\">El ministro iraqu\u00ed de Recursos H\u00eddricos, Mahdi Rashid Al-Hamdani, destac\u00f3 la necesidad de trabajar para fortalecer la cooperaci\u00f3n entre Siria e Irak en materia de agua y energ\u00edas h\u00eddricas, y unificar posiciones para conseguir los derechos h\u00eddricos de los dos pa\u00edses.<\/p>\n<p style=\"text-align: justify;\">En declaraciones a SANA, a su llegada junto con una delegaci\u00f3n al Aeropuerto Internacional de Damasco, el ministro Al-Hamdani explic\u00f3 que la visita apunta a completar las discusiones y trabajar para fortalecer la cooperaci\u00f3n entre ambas partes en el campo h\u00eddrico y la energ\u00eda hidroel\u00e9ctrica.<\/p>\n<p style=\"text-align: justify;\">Expres\u00f3 su esperanza de lograr resultados positivos en su visita y unificar posiciones para obtener los derechos h\u00eddricos de Siria e Irak.<\/p>\n<p style=\"text-align: justify;\">Por su parte, el ministro sirio de Recursos H\u00eddricos, Tammam Raad, subray\u00f3 la importancia de la cooperaci\u00f3n entre Siria y los pa\u00edses vecinos en el sector del agua y compartir los da\u00f1os resultantes del cambio clim\u00e1tico y sus efectos directos en la regi\u00f3n.<\/p>\n<p style=\"text-align: justify;\"><span style=\"color: #0000ff;\"><strong>mm\/fm<\/strong><\/span><\/p>\n","protected":false},"excerpt":{"rendered":"<p>Damasco, SANA El ministro iraqu\u00ed de Recursos H\u00eddricos, Mahdi Rashid Al-Hamdani, destac\u00f3 la necesidad de trabajar para fortalecer la cooperaci\u00f3n entre Siria e Irak en materia de agua y energ\u00edas h\u00eddricas, y unificar posiciones para conseguir los derechos h\u00eddricos de los dos pa\u00edses. En declaraciones a SANA, a su llegada junto con una delegaci\u00f3n al &hellip;<\/p>\n","protected":false},"author":36,"featured_media":188940,"comment_status":"closed","ping_status":"closed","sticky":false,"template":"","format":"standard","meta":{"footnotes":""},"categories":[447,477,597,16686,485,476,457,7541],"tags":[],"class_list":["post-188939","post","type-post","status-publish","format-standard","has-post-thumbnail","","category-local-politica","category-noticias-edulcorantes","category-cinta-de-noticias","category-economia","category-informes-negocios-y-finanzas","category-locales","category-noticias-arabe-internacional-politica","category-ultimas-noticias"],"_links":{"self":[{"href":"https:\/\/archive.sana.sy\/es\/index.php?rest_route=\/wp\/v2\/posts\/188939"}],"collection":[{"href":"https:\/\/archive.sana.sy\/es\/index.php?rest_route=\/wp\/v2\/posts"}],"about":[{"href":"https:\/\/archive.sana.sy\/es\/index.php?rest_route=\/wp\/v2\/types\/post"}],"author":[{"embeddable":true,"href":"https:\/\/archive.sana.sy\/es\/index.php?rest_route=\/wp\/v2\/users\/36"}],"replies":[{"embeddable":true,"href":"https:\/\/archive.sana.sy\/es\/index.php?rest_route=%2Fwp%2Fv2%2Fcomments&post=188939"}],"version-history":[{"count":0,"href":"https:\/\/archive.sana.sy\/es\/index.php?rest_route=\/wp\/v2\/posts\/188939\/revisions"}],"wp:featuredmedia":[{"embeddable":true,"href":"https:\/\/archive.sana.sy\/es\/index.php?rest_route=\/wp\/v2\/media\/188940"}],"wp:attachment":[{"href":"https:\/\/archive.sana.sy\/es\/index.php?rest_route=%2Fwp%2Fv2%2Fmedia&parent=188939"}],"wp:term":[{"taxonomy":"category","embeddable":true,"href":"https:\/\/archive.sana.sy\/es\/index.php?rest_route=%2Fwp%2Fv2%2Fcategories&post=188939"},{"taxonomy":"post_tag","embeddable":true,"href":"https:\/\/archive.sana.sy\/es\/index.php?rest_route=%2Fwp%2Fv2%2Ftags&post=188939"}],"curies":[{"name":"wp","href":"https:\/\/api.w.org\/{rel}","templated":true}]}}