{"id":189070,"date":"2021-07-15T21:06:02","date_gmt":"2021-07-15T18:06:02","guid":{"rendered":"http:\/\/107.6.182.27\/es\/?p=189070"},"modified":"2021-07-16T18:37:31","modified_gmt":"2021-07-16T15:37:31","slug":"presidente-al-assad-recibe-una-llamada-telefonica-del-presidente-iraqui-burhom-saleh","status":"publish","type":"post","link":"https:\/\/archive.sana.sy\/es\/?p=189070","title":{"rendered":"Presidente al-Assad recibe una llamada telef\u00f3nica del presidente iraqu\u00ed Burhom Saleh"},"content":{"rendered":"<p style=\"text-align: justify;\"><span style=\"color: #800000;\"><strong>Damasco, SANA<\/strong><\/span><\/p>\n<p style=\"text-align: justify;\">El presidente Bashar al-Assad recibi\u00f3 una llamada telef\u00f3nica del mandatario iraqu\u00ed Burhom Saleh durante la cual se habl\u00f3 de las relaciones entre los dos pa\u00edses hermanos y sobre el tema de la lucha antiterrorista y la coordinaci\u00f3n bilateral frente a este peligro que acecha a los dos pa\u00edses.<\/p>\n<p style=\"text-align: justify;\">Se subray\u00f3 la importancia de esta cooperaci\u00f3n conjunta para consolidar los resultados positivos logrados sobre el terreno frente a las agrupaciones terroristas en las zonas fronterizas sirio-iraqu\u00edes.<\/p>\n<p style=\"text-align: justify;\">Las conversaciones giraron en torno a las v\u00edas de potenciar las relaciones bilaterales, y se acord\u00f3 intensificar los esfuerzos mixtos para elevar el nivel de la cooperaci\u00f3n en los \u00e1mbitos que sean de beneficio com\u00fan para los pa\u00edses y pueblos hermanos.<\/p>\n<p style=\"text-align: justify;\"><strong><span style=\"color: #0000ff;\">sm\/rsh<\/span><\/strong><\/p>\n","protected":false},"excerpt":{"rendered":"<p>Damasco, SANA El presidente Bashar al-Assad recibi\u00f3 una llamada telef\u00f3nica del mandatario iraqu\u00ed Burhom Saleh durante la cual se habl\u00f3 de las relaciones entre los dos pa\u00edses hermanos y sobre el tema de la lucha antiterrorista y la coordinaci\u00f3n bilateral frente a este peligro que acecha a los dos pa\u00edses. Se subray\u00f3 la importancia de &hellip;<\/p>\n","protected":false},"author":39,"featured_media":189071,"comment_status":"closed","ping_status":"closed","sticky":false,"template":"","format":"standard","meta":{"footnotes":""},"categories":[597],"tags":[],"class_list":["post-189070","post","type-post","status-publish","format-standard","has-post-thumbnail","","category-cinta-de-noticias"],"_links":{"self":[{"href":"https:\/\/archive.sana.sy\/es\/index.php?rest_route=\/wp\/v2\/posts\/189070"}],"collection":[{"href":"https:\/\/archive.sana.sy\/es\/index.php?rest_route=\/wp\/v2\/posts"}],"about":[{"href":"https:\/\/archive.sana.sy\/es\/index.php?rest_route=\/wp\/v2\/types\/post"}],"author":[{"embeddable":true,"href":"https:\/\/archive.sana.sy\/es\/index.php?rest_route=\/wp\/v2\/users\/39"}],"replies":[{"embeddable":true,"href":"https:\/\/archive.sana.sy\/es\/index.php?rest_route=%2Fwp%2Fv2%2Fcomments&post=189070"}],"version-history":[{"count":0,"href":"https:\/\/archive.sana.sy\/es\/index.php?rest_route=\/wp\/v2\/posts\/189070\/revisions"}],"wp:featuredmedia":[{"embeddable":true,"href":"https:\/\/archive.sana.sy\/es\/index.php?rest_route=\/wp\/v2\/media\/189071"}],"wp:attachment":[{"href":"https:\/\/archive.sana.sy\/es\/index.php?rest_route=%2Fwp%2Fv2%2Fmedia&parent=189070"}],"wp:term":[{"taxonomy":"category","embeddable":true,"href":"https:\/\/archive.sana.sy\/es\/index.php?rest_route=%2Fwp%2Fv2%2Fcategories&post=189070"},{"taxonomy":"post_tag","embeddable":true,"href":"https:\/\/archive.sana.sy\/es\/index.php?rest_route=%2Fwp%2Fv2%2Ftags&post=189070"}],"curies":[{"name":"wp","href":"https:\/\/api.w.org\/{rel}","templated":true}]}}