{"id":189073,"date":"2021-07-15T21:19:03","date_gmt":"2021-07-15T18:19:03","guid":{"rendered":"http:\/\/107.6.182.27\/es\/?p=189073"},"modified":"2023-01-12T14:40:51","modified_gmt":"2023-01-12T12:40:51","slug":"operacion-yemeni-deja-cientos-de-muertos-e-heridos-en-filas-de-daesh-y-al-qaeda","status":"publish","type":"post","link":"https:\/\/archive.sana.sy\/es\/?p=189073","title":{"rendered":"Operaci\u00f3n yemen\u00ed deja cientos de muertos e heridos en filas de Daesh y Al Qaeda"},"content":{"rendered":"<p style=\"text-align: justify;\"><span style=\"color: #800000;\"><strong>San\u00e1, SANA<\/strong><\/span><\/p>\n<p style=\"text-align: justify;\">El portavoz de las Fuerzas Armadas de Yemen, el general de brigada Yahya Saree, revel\u00f3 las Fuerzas Armadas de Yemen llevaron a cabo 66 operaciones en la gobernaci\u00f3n de Al-Bayda contra las organizaciones terroristas Daesh y Al-Qaeda.<\/p>\n<p style=\"text-align: justify;\">Saree se\u00f1al\u00f3 que la operaci\u00f3n caus\u00f3 350 muertos, 560 heridos, y desarticul\u00f3 29 blindados y veh\u00edculos.<\/p>\n<p style=\"text-align: justify;\">Saree confirm\u00f3 que la agresi\u00f3n saud\u00ed lanz\u00f3 m\u00e1s de 161 redadas en el contexto de su apoyo a los grupos anatematizadores durante la batalla.<\/p>\n<p style=\"text-align: justify;\"><span style=\"color: #0000ff;\"><strong>sm\/rsh<\/strong><\/span><\/p>\n<p style=\"text-align: justify;\">\n","protected":false},"excerpt":{"rendered":"<p>San\u00e1, SANA El portavoz de las Fuerzas Armadas de Yemen, el general de brigada Yahya Saree, revel\u00f3 las Fuerzas Armadas de Yemen llevaron a cabo 66 operaciones en la gobernaci\u00f3n de Al-Bayda contra las organizaciones terroristas Daesh y Al-Qaeda. Saree se\u00f1al\u00f3 que la operaci\u00f3n caus\u00f3 350 muertos, 560 heridos, y desarticul\u00f3 29 blindados y veh\u00edculos. &hellip;<\/p>\n","protected":false},"author":39,"featured_media":189076,"comment_status":"closed","ping_status":"closed","sticky":false,"template":"","format":"standard","meta":{"footnotes":""},"categories":[597,456,7541],"tags":[],"class_list":["post-189073","post","type-post","status-publish","format-standard","has-post-thumbnail","","category-cinta-de-noticias","category-arabe-internacional-politica","category-ultimas-noticias"],"_links":{"self":[{"href":"https:\/\/archive.sana.sy\/es\/index.php?rest_route=\/wp\/v2\/posts\/189073"}],"collection":[{"href":"https:\/\/archive.sana.sy\/es\/index.php?rest_route=\/wp\/v2\/posts"}],"about":[{"href":"https:\/\/archive.sana.sy\/es\/index.php?rest_route=\/wp\/v2\/types\/post"}],"author":[{"embeddable":true,"href":"https:\/\/archive.sana.sy\/es\/index.php?rest_route=\/wp\/v2\/users\/39"}],"replies":[{"embeddable":true,"href":"https:\/\/archive.sana.sy\/es\/index.php?rest_route=%2Fwp%2Fv2%2Fcomments&post=189073"}],"version-history":[{"count":0,"href":"https:\/\/archive.sana.sy\/es\/index.php?rest_route=\/wp\/v2\/posts\/189073\/revisions"}],"wp:featuredmedia":[{"embeddable":true,"href":"https:\/\/archive.sana.sy\/es\/index.php?rest_route=\/wp\/v2\/media\/189076"}],"wp:attachment":[{"href":"https:\/\/archive.sana.sy\/es\/index.php?rest_route=%2Fwp%2Fv2%2Fmedia&parent=189073"}],"wp:term":[{"taxonomy":"category","embeddable":true,"href":"https:\/\/archive.sana.sy\/es\/index.php?rest_route=%2Fwp%2Fv2%2Fcategories&post=189073"},{"taxonomy":"post_tag","embeddable":true,"href":"https:\/\/archive.sana.sy\/es\/index.php?rest_route=%2Fwp%2Fv2%2Ftags&post=189073"}],"curies":[{"name":"wp","href":"https:\/\/api.w.org\/{rel}","templated":true}]}}