{"id":189081,"date":"2021-07-15T21:56:10","date_gmt":"2021-07-15T18:56:10","guid":{"rendered":"http:\/\/107.6.182.27\/es\/?p=189081"},"modified":"2021-07-15T21:56:10","modified_gmt":"2021-07-15T18:56:10","slug":"acuerdo-sirio-iraqui-para-la-cooperacion-ecologica-y-cientifica","status":"publish","type":"post","link":"https:\/\/archive.sana.sy\/es\/?p=189081","title":{"rendered":"Acuerdo sirio-iraqu\u00ed para la cooperaci\u00f3n ecol\u00f3gica y cient\u00edfica"},"content":{"rendered":"<p style=\"text-align: justify;\"><span style=\"color: #800000;\"><strong>Damasco, SANA<\/strong><\/span><\/p>\n<p style=\"text-align: justify;\">Los ministerios de Recursos H\u00eddricos de Siria e Iraq debatieron los desaf\u00edos que enfrenta la realidad h\u00eddrica a la luz de la reducci\u00f3n del flujo de los r\u00edos Tigris y \u00c9ufrates por parte del r\u00e9gimen turco, y a la sombra de los cambios clim\u00e1ticos que enfrenta la regi\u00f3n.<\/p>\n<p style=\"text-align: justify;\">Durante las reuniones celebradas hoy en Damasco, encabezadas por los ministros Tammam Raad y Mahdi Rashid Al-Hamdani, las dos partes tambi\u00e9n discutieron las \u00faltimas novedades en la situaci\u00f3n del agua, las formas y mecanismos para el intercambio de datos e informaci\u00f3n entre los dos ministerios.<\/p>\n<p style=\"text-align: justify;\">Ambas partes acordaron cooperar para enfrentar los cambios clim\u00e1ticos y las formas de adaptarse a ellos, la posibilidad de establecer proyectos cient\u00edficos conjuntos e intensificar las reuniones a nivel ministerial y t\u00e9cnico.<\/p>\n<div id='gallery-1' class='gallery galleryid-189081 gallery-columns-1 gallery-size-full'><figure class='gallery-item'>\n\t\t\t<div class='gallery-icon landscape'>\n\t\t\t\t<a href='https:\/\/archive.sana.sy\/es\/?attachment_id=189083'><img loading=\"lazy\" decoding=\"async\" width=\"2560\" height=\"1609\" src=\"https:\/\/archive.sana.sy\/es\/wp-content\/uploads\/2021\/07\/DSC_7153-scaled.jpg\" class=\"attachment-full size-full\" alt=\"\" srcset=\"https:\/\/archive.sana.sy\/es\/wp-content\/uploads\/2021\/07\/DSC_7153-scaled.jpg 2560w, https:\/\/archive.sana.sy\/es\/wp-content\/uploads\/2021\/07\/DSC_7153-300x189.jpg 300w, https:\/\/archive.sana.sy\/es\/wp-content\/uploads\/2021\/07\/DSC_7153-1024x644.jpg 1024w, https:\/\/archive.sana.sy\/es\/wp-content\/uploads\/2021\/07\/DSC_7153-150x94.jpg 150w, https:\/\/archive.sana.sy\/es\/wp-content\/uploads\/2021\/07\/DSC_7153-768x483.jpg 768w, https:\/\/archive.sana.sy\/es\/wp-content\/uploads\/2021\/07\/DSC_7153-1536x965.jpg 1536w, https:\/\/archive.sana.sy\/es\/wp-content\/uploads\/2021\/07\/DSC_7153-2048x1287.jpg 2048w\" sizes=\"(max-width: 2560px) 100vw, 2560px\" \/><\/a>\n\t\t\t<\/div><\/figure><figure class='gallery-item'>\n\t\t\t<div class='gallery-icon landscape'>\n\t\t\t\t<a href='https:\/\/archive.sana.sy\/es\/?attachment_id=189085'><img loading=\"lazy\" decoding=\"async\" width=\"2560\" height=\"1655\" src=\"https:\/\/archive.sana.sy\/es\/wp-content\/uploads\/2021\/07\/DSC_7161-scaled.jpg\" class=\"attachment-full size-full\" alt=\"\" srcset=\"https:\/\/archive.sana.sy\/es\/wp-content\/uploads\/2021\/07\/DSC_7161-scaled.jpg 2560w, https:\/\/archive.sana.sy\/es\/wp-content\/uploads\/2021\/07\/DSC_7161-300x194.jpg 300w, https:\/\/archive.sana.sy\/es\/wp-content\/uploads\/2021\/07\/DSC_7161-1024x662.jpg 1024w, https:\/\/archive.sana.sy\/es\/wp-content\/uploads\/2021\/07\/DSC_7161-150x97.jpg 150w, https:\/\/archive.sana.sy\/es\/wp-content\/uploads\/2021\/07\/DSC_7161-768x496.jpg 768w, https:\/\/archive.sana.sy\/es\/wp-content\/uploads\/2021\/07\/DSC_7161-1536x993.jpg 1536w, https:\/\/archive.sana.sy\/es\/wp-content\/uploads\/2021\/07\/DSC_7161-2048x1324.jpg 2048w\" sizes=\"(max-width: 2560px) 100vw, 2560px\" \/><\/a>\n\t\t\t<\/div><\/figure>\n\t\t<\/div>\n\n<p style=\"text-align: justify;\"><strong><span style=\"color: #0000ff;\">sm\/rsh<\/span><\/strong><\/p>\n","protected":false},"excerpt":{"rendered":"<p>Damasco, SANA Los ministerios de Recursos H\u00eddricos de Siria e Iraq debatieron los desaf\u00edos que enfrenta la realidad h\u00eddrica a la luz de la reducci\u00f3n del flujo de los r\u00edos Tigris y \u00c9ufrates por parte del r\u00e9gimen turco, y a la sombra de los cambios clim\u00e1ticos que enfrenta la regi\u00f3n. Durante las reuniones celebradas hoy &hellip;<\/p>\n","protected":false},"author":39,"featured_media":189082,"comment_status":"closed","ping_status":"closed","sticky":false,"template":"","format":"standard","meta":{"footnotes":""},"categories":[597,467,7541],"tags":[],"class_list":["post-189081","post","type-post","status-publish","format-standard","has-post-thumbnail","","category-cinta-de-noticias","category-siria-y-el-mundo","category-ultimas-noticias"],"_links":{"self":[{"href":"https:\/\/archive.sana.sy\/es\/index.php?rest_route=\/wp\/v2\/posts\/189081"}],"collection":[{"href":"https:\/\/archive.sana.sy\/es\/index.php?rest_route=\/wp\/v2\/posts"}],"about":[{"href":"https:\/\/archive.sana.sy\/es\/index.php?rest_route=\/wp\/v2\/types\/post"}],"author":[{"embeddable":true,"href":"https:\/\/archive.sana.sy\/es\/index.php?rest_route=\/wp\/v2\/users\/39"}],"replies":[{"embeddable":true,"href":"https:\/\/archive.sana.sy\/es\/index.php?rest_route=%2Fwp%2Fv2%2Fcomments&post=189081"}],"version-history":[{"count":0,"href":"https:\/\/archive.sana.sy\/es\/index.php?rest_route=\/wp\/v2\/posts\/189081\/revisions"}],"wp:featuredmedia":[{"embeddable":true,"href":"https:\/\/archive.sana.sy\/es\/index.php?rest_route=\/wp\/v2\/media\/189082"}],"wp:attachment":[{"href":"https:\/\/archive.sana.sy\/es\/index.php?rest_route=%2Fwp%2Fv2%2Fmedia&parent=189081"}],"wp:term":[{"taxonomy":"category","embeddable":true,"href":"https:\/\/archive.sana.sy\/es\/index.php?rest_route=%2Fwp%2Fv2%2Fcategories&post=189081"},{"taxonomy":"post_tag","embeddable":true,"href":"https:\/\/archive.sana.sy\/es\/index.php?rest_route=%2Fwp%2Fv2%2Ftags&post=189081"}],"curies":[{"name":"wp","href":"https:\/\/api.w.org\/{rel}","templated":true}]}}