{"id":189119,"date":"2021-07-16T08:40:25","date_gmt":"2021-07-16T05:40:25","guid":{"rendered":"http:\/\/107.6.182.27\/es\/?p=189119"},"modified":"2021-07-16T08:40:36","modified_gmt":"2021-07-16T05:40:36","slug":"titulares-de-la-agencia-sana-16-de-julio-2021","status":"publish","type":"post","link":"https:\/\/archive.sana.sy\/es\/?p=189119","title":{"rendered":"Titulares de la agencia SANA, 16 de julio 2021"},"content":{"rendered":"<p style=\"text-align: justify;\"><span style=\"color: #800000;\"><strong>Damasco, SANA<\/strong><\/span><\/p>\n<p style=\"text-align: justify;\">????????Presidente al-Assad recibe una llamada telef\u00f3nica del presidente iraqu\u00ed Burhom Saleh<\/p>\n<p style=\"text-align: justify;\">????????Siria e Iraq coordinan esfuerzos para repartir el agua de los r\u00edos Tigris y \u00c9ufrates<\/p>\n<p style=\"text-align: justify;\">????????Al-Mekdad: advertimos de las consecuencias inhumanas de privar de agua a extensas \u00e1reas de Siria e Irak<\/p>\n<p style=\"text-align: justify;\">????????Ejecutan m\u00e1s del 80% del proyecto de ampliaci\u00f3n del suburbio residencial de Buka en Latakia (+ fotos)<\/p>\n<p style=\"text-align: justify;\">????????Parlamento condena bloqueo impuesto a Cuba y las interferencias de EE.UU<\/p>\n<p style=\"text-align: justify;\">????????Acuerdo sirio-iraqu\u00ed para la cooperaci\u00f3n ecol\u00f3gica y cient\u00edfica<\/p>\n<p style=\"text-align: justify;\">????????Parlamento aprueba proyecto de ley sobre los derechos del ni\u00f1o<\/p>\n<p style=\"text-align: justify;\">????????Operaci\u00f3n yemen\u00ed deja cientos de muertos e heridos en filas de Daesh y Al Qaeda<\/p>\n<p style=\"text-align: justify;\">????????Autopista en la ciudad de Al-Tal est\u00e1 su etapa final de construcci\u00f3n (+fotos)<\/p>\n<p style=\"text-align: justify;\">????????Fuerzas de EE.UU en Siria son bandoleras, afirma periodista eslovaco<\/p>\n<p style=\"text-align: justify;\">????????Ex embajador brit\u00e1nico en Damasco: la OPAQ es una herramienta pol\u00edtica en manos de Occidente<\/p>\n<p style=\"text-align: justify;\">????????Nayyal examina con el jefe del Comit\u00e9 jordano de Fraternidad Parlamentaria las formas de fortalecer los lazos bilaterales<\/p>\n<p style=\"text-align: justify;\">????????Equipo sirio de la ciudad de Qamishli participa en la Competici\u00f3n Internacional de C\u00e1lculo Mental<\/p>\n<p style=\"text-align: justify;\">????????El Hospital Universitario Al-Baath en Homs: una contribuci\u00f3n importante al sector de la salud en Siria<\/p>\n<p style=\"text-align: justify;\">????????Artista siria presenta sus obras retratadas desde el aire (+ fotos)<\/p>\n<p style=\"text-align: justify;\">????????Canciller sirio enfatiza relaciones estrat\u00e9gicas con Ir\u00e1n<\/p>\n<p style=\"text-align: justify;\">????????Mercenarios proturcos contin\u00faan su saqueo a las antig\u00fcedades en Ras al-Ain, Hasakeh<\/p>\n<p style=\"text-align: justify;\">????????Milicia separatista FDS secuestra varios civiles en Deir Ezzor<\/p>\n<p style=\"text-align: justify;\">????????Disturbios en Cuba, tecnolog\u00edas y complicidad de EEUU<\/p>\n<p style=\"text-align: justify;\">????????\u201cEEUU est\u00e1 saliendo de Afganist\u00e1n de una forma bastante ca\u00f3tica y vergonzosa\u201d<\/p>\n<p style=\"text-align: justify;\">????????Heridos por estallido de motocicleta bomba en Jarablus, Alepo<\/p>\n","protected":false},"excerpt":{"rendered":"<p>Damasco, SANA ????????Presidente al-Assad recibe una llamada telef\u00f3nica del presidente iraqu\u00ed Burhom Saleh ????????Siria e Iraq coordinan esfuerzos para repartir el agua de los r\u00edos Tigris y \u00c9ufrates ????????Al-Mekdad: advertimos de las consecuencias inhumanas de privar de agua a extensas \u00e1reas de Siria e Irak ????????Ejecutan m\u00e1s del 80% del proyecto de ampliaci\u00f3n del suburbio &hellip;<\/p>\n","protected":false},"author":30,"featured_media":189120,"comment_status":"closed","ping_status":"closed","sticky":false,"template":"","format":"standard","meta":{"footnotes":""},"categories":[555,597,7541],"tags":[19279],"class_list":["post-189119","post","type-post","status-publish","format-standard","has-post-thumbnail","","category-prensa","category-cinta-de-noticias","category-ultimas-noticias","tag-titulares-de-la-agencia-sana-16-de-julio-2021"],"_links":{"self":[{"href":"https:\/\/archive.sana.sy\/es\/index.php?rest_route=\/wp\/v2\/posts\/189119"}],"collection":[{"href":"https:\/\/archive.sana.sy\/es\/index.php?rest_route=\/wp\/v2\/posts"}],"about":[{"href":"https:\/\/archive.sana.sy\/es\/index.php?rest_route=\/wp\/v2\/types\/post"}],"author":[{"embeddable":true,"href":"https:\/\/archive.sana.sy\/es\/index.php?rest_route=\/wp\/v2\/users\/30"}],"replies":[{"embeddable":true,"href":"https:\/\/archive.sana.sy\/es\/index.php?rest_route=%2Fwp%2Fv2%2Fcomments&post=189119"}],"version-history":[{"count":0,"href":"https:\/\/archive.sana.sy\/es\/index.php?rest_route=\/wp\/v2\/posts\/189119\/revisions"}],"wp:featuredmedia":[{"embeddable":true,"href":"https:\/\/archive.sana.sy\/es\/index.php?rest_route=\/wp\/v2\/media\/189120"}],"wp:attachment":[{"href":"https:\/\/archive.sana.sy\/es\/index.php?rest_route=%2Fwp%2Fv2%2Fmedia&parent=189119"}],"wp:term":[{"taxonomy":"category","embeddable":true,"href":"https:\/\/archive.sana.sy\/es\/index.php?rest_route=%2Fwp%2Fv2%2Fcategories&post=189119"},{"taxonomy":"post_tag","embeddable":true,"href":"https:\/\/archive.sana.sy\/es\/index.php?rest_route=%2Fwp%2Fv2%2Ftags&post=189119"}],"curies":[{"name":"wp","href":"https:\/\/api.w.org\/{rel}","templated":true}]}}