{"id":189164,"date":"2021-07-16T17:15:14","date_gmt":"2021-07-16T14:15:14","guid":{"rendered":"http:\/\/107.6.182.27\/es\/?p=189164"},"modified":"2023-01-12T14:40:49","modified_gmt":"2023-01-12T12:40:49","slug":"washington-gasto-miles-de-millones-de-dolares-para-destruir-nuestro-pais-y-fracaso-afirma-mandatario-cubano","status":"publish","type":"post","link":"https:\/\/archive.sana.sy\/es\/?p=189164","title":{"rendered":"Washington gast\u00f3 miles de millones de d\u00f3lares para destruir nuestro pa\u00eds y fracas\u00f3, afirma mandatario cubano"},"content":{"rendered":"<p style=\"text-align: justify;\"><strong><span style=\"color: #800000;\">La Habana, SANA<\/span><\/strong><\/p>\n<p style=\"text-align: justify;\">El presidente de Cuba, Miguel D\u00edaz-Canel, afirm\u00f3 que Estados Unidos fracas\u00f3 en sus intentos de destruir su pa\u00eds, a pesar de gastar miles de millones de d\u00f3lares para lograr este fin.<\/p>\n<p style=\"text-align: justify;\">\u201cDespu\u00e9s de cinco d\u00edas de protestas contra el gobierno que causaron la muerte de una persona, la lesi\u00f3n de decenas y el arresto de cientas, Estados Unidos fracas\u00f3 en sus intentos de destruir Cuba, a pesar de que hab\u00eda gastado miles de millones de d\u00f3lares para tal fin\u201d, dijo el mandatario cubano.<\/p>\n<p style=\"text-align: justify;\"><span style=\"color: #0000ff;\"><strong>sm\/rsh<\/strong><\/span><\/p>\n","protected":false},"excerpt":{"rendered":"<p>La Habana, SANA El presidente de Cuba, Miguel D\u00edaz-Canel, afirm\u00f3 que Estados Unidos fracas\u00f3 en sus intentos de destruir su pa\u00eds, a pesar de gastar miles de millones de d\u00f3lares para lograr este fin. \u201cDespu\u00e9s de cinco d\u00edas de protestas contra el gobierno que causaron la muerte de una persona, la lesi\u00f3n de decenas y &hellip;<\/p>\n","protected":false},"author":39,"featured_media":189165,"comment_status":"closed","ping_status":"closed","sticky":false,"template":"","format":"standard","meta":{"footnotes":""},"categories":[597,456,7541],"tags":[],"class_list":["post-189164","post","type-post","status-publish","format-standard","has-post-thumbnail","","category-cinta-de-noticias","category-arabe-internacional-politica","category-ultimas-noticias"],"_links":{"self":[{"href":"https:\/\/archive.sana.sy\/es\/index.php?rest_route=\/wp\/v2\/posts\/189164"}],"collection":[{"href":"https:\/\/archive.sana.sy\/es\/index.php?rest_route=\/wp\/v2\/posts"}],"about":[{"href":"https:\/\/archive.sana.sy\/es\/index.php?rest_route=\/wp\/v2\/types\/post"}],"author":[{"embeddable":true,"href":"https:\/\/archive.sana.sy\/es\/index.php?rest_route=\/wp\/v2\/users\/39"}],"replies":[{"embeddable":true,"href":"https:\/\/archive.sana.sy\/es\/index.php?rest_route=%2Fwp%2Fv2%2Fcomments&post=189164"}],"version-history":[{"count":0,"href":"https:\/\/archive.sana.sy\/es\/index.php?rest_route=\/wp\/v2\/posts\/189164\/revisions"}],"wp:featuredmedia":[{"embeddable":true,"href":"https:\/\/archive.sana.sy\/es\/index.php?rest_route=\/wp\/v2\/media\/189165"}],"wp:attachment":[{"href":"https:\/\/archive.sana.sy\/es\/index.php?rest_route=%2Fwp%2Fv2%2Fmedia&parent=189164"}],"wp:term":[{"taxonomy":"category","embeddable":true,"href":"https:\/\/archive.sana.sy\/es\/index.php?rest_route=%2Fwp%2Fv2%2Fcategories&post=189164"},{"taxonomy":"post_tag","embeddable":true,"href":"https:\/\/archive.sana.sy\/es\/index.php?rest_route=%2Fwp%2Fv2%2Ftags&post=189164"}],"curies":[{"name":"wp","href":"https:\/\/api.w.org\/{rel}","templated":true}]}}