{"id":189321,"date":"2021-07-17T17:16:10","date_gmt":"2021-07-17T14:16:10","guid":{"rendered":"http:\/\/107.6.182.27\/es\/?p=189321"},"modified":"2023-01-12T14:40:49","modified_gmt":"2023-01-12T12:40:49","slug":"mueren-cuatro-soldados-iraquies-en-ataque-al-oeste-de-kirkuk","status":"publish","type":"post","link":"https:\/\/archive.sana.sy\/es\/?p=189321","title":{"rendered":"Mueren cuatro soldados iraqu\u00edes en ataque al oeste de Kirkuk"},"content":{"rendered":"<p style=\"text-align: justify;\"><span style=\"color: #800000;\"><strong>Bagdad, SANA<\/strong><\/span><\/p>\n<p style=\"text-align: justify;\">Cuatro soldados iraqu\u00edes perdieron la vida por un ataque terrorista contra un puesto militar en el oeste de la provincia de Kirkuk al norte del pa\u00eds.<\/p>\n<p style=\"text-align: justify;\">Una fuente de seguridad inform\u00f3 al portal al-Sumaria News que integrantes de la organizaci\u00f3n terrorista \u201cDaesh\u201d atacaron un puesto del ej\u00e9rcito iraqu\u00ed al oeste de Kirkuk, lo cual provoc\u00f3 la muerte de cuatro soldados.<\/p>\n<p style=\"text-align: justify;\">En la v\u00edspera, un plac\u00eda muri\u00f3 y otro result\u00f3 herido en un ataque armado en el mismo gobernorato.<\/p>\n<p style=\"text-align: justify;\"><span style=\"color: #0000ff;\"><strong>sm\/rsh<\/strong><\/span><\/p>\n","protected":false},"excerpt":{"rendered":"<p>Bagdad, SANA Cuatro soldados iraqu\u00edes perdieron la vida por un ataque terrorista contra un puesto militar en el oeste de la provincia de Kirkuk al norte del pa\u00eds. Una fuente de seguridad inform\u00f3 al portal al-Sumaria News que integrantes de la organizaci\u00f3n terrorista \u201cDaesh\u201d atacaron un puesto del ej\u00e9rcito iraqu\u00ed al oeste de Kirkuk, lo &hellip;<\/p>\n","protected":false},"author":39,"featured_media":189322,"comment_status":"closed","ping_status":"closed","sticky":false,"template":"","format":"standard","meta":{"footnotes":""},"categories":[597,456,7541],"tags":[],"class_list":["post-189321","post","type-post","status-publish","format-standard","has-post-thumbnail","","category-cinta-de-noticias","category-arabe-internacional-politica","category-ultimas-noticias"],"_links":{"self":[{"href":"https:\/\/archive.sana.sy\/es\/index.php?rest_route=\/wp\/v2\/posts\/189321"}],"collection":[{"href":"https:\/\/archive.sana.sy\/es\/index.php?rest_route=\/wp\/v2\/posts"}],"about":[{"href":"https:\/\/archive.sana.sy\/es\/index.php?rest_route=\/wp\/v2\/types\/post"}],"author":[{"embeddable":true,"href":"https:\/\/archive.sana.sy\/es\/index.php?rest_route=\/wp\/v2\/users\/39"}],"replies":[{"embeddable":true,"href":"https:\/\/archive.sana.sy\/es\/index.php?rest_route=%2Fwp%2Fv2%2Fcomments&post=189321"}],"version-history":[{"count":0,"href":"https:\/\/archive.sana.sy\/es\/index.php?rest_route=\/wp\/v2\/posts\/189321\/revisions"}],"wp:featuredmedia":[{"embeddable":true,"href":"https:\/\/archive.sana.sy\/es\/index.php?rest_route=\/wp\/v2\/media\/189322"}],"wp:attachment":[{"href":"https:\/\/archive.sana.sy\/es\/index.php?rest_route=%2Fwp%2Fv2%2Fmedia&parent=189321"}],"wp:term":[{"taxonomy":"category","embeddable":true,"href":"https:\/\/archive.sana.sy\/es\/index.php?rest_route=%2Fwp%2Fv2%2Fcategories&post=189321"},{"taxonomy":"post_tag","embeddable":true,"href":"https:\/\/archive.sana.sy\/es\/index.php?rest_route=%2Fwp%2Fv2%2Ftags&post=189321"}],"curies":[{"name":"wp","href":"https:\/\/api.w.org\/{rel}","templated":true}]}}