{"id":189357,"date":"2021-07-17T19:30:31","date_gmt":"2021-07-17T16:30:31","guid":{"rendered":"http:\/\/107.6.182.27\/es\/?p=189357"},"modified":"2021-07-17T20:29:56","modified_gmt":"2021-07-17T17:29:56","slug":"presidente-al-assad-recibio-al-canciller-chino-y-ambos-acuerdan-comenzar-nueva-etapa-de-fortalecimiento-de-relaciones-bilaterales","status":"publish","type":"post","link":"https:\/\/archive.sana.sy\/es\/?p=189357","title":{"rendered":"Presidente al-Assad recibi\u00f3 al Canciller chino, y ambos acuerdan comenzar nueva etapa de fortalecimiento de relaciones bilaterales"},"content":{"rendered":"<p style=\"text-align: justify;\"><span style=\"color: #800000;\">Damasco, SANA<\/span><\/p>\n<p style=\"text-align: justify;\">El presidente Bashar al-Assad, recibi\u00f3 hoy a Wang Yi, el ministro de Exteriores de China, y la delegaci\u00f3n acompa\u00f1ante.<\/p>\n<p style=\"text-align: justify;\">Las conversaciones durante el encuentro abordaron las hist\u00f3ricas y excelentes relaciones que unen a los dos pa\u00edses amigos, y se acord\u00f3 avanzar hacia una nueva etapa en el fortalecimiento de estas relaciones y la apertura de perspectivas m\u00e1s amplias para la cooperaci\u00f3n bilateral en todos los campos.<\/p>\n<p style=\"text-align: justify;\">El presidente al-Assad destac\u00f3 la gran e importante posici\u00f3n de China en la arena internacional, y dijo que Siria aspira a extender los campos de cooperaci\u00f3n con Pek\u00edn en varios niveles, teniendo en cuenta su fuerte presencia y sus pol\u00edticas \u00e9ticas que favorecen la mayor\u00eda de los pa\u00edses y pueblos del mundo.<\/p>\n<p style=\"text-align: justify;\">Asimismo, agradeci\u00f3 a China por el apoyo que brinda al pueblo sirio en varios campos, y por las importantes posiciones que toma en los foros internacionales en apoyo a la soberan\u00eda, integridad territorial y decisi\u00f3n independiente de Siria.<\/p>\n<p style=\"text-align: justify;\">Durante la reuni\u00f3n, se trat\u00f3 la participaci\u00f3n de Siria en la &#8220;Iniciativa de la Franja y la Ruta&#8221;, donde el Ministro de Exteriores de China reiter\u00f3 el inter\u00e9s de su pa\u00eds por esa participaci\u00f3n debido a la ubicaci\u00f3n de Siria y su importante papel regional.<\/p>\n<p style=\"text-align: justify;\">Reiter\u00f3 el continuo apoyo de su pa\u00eds al pueblo sirio en su lucha contra el terrorismo y su enfrentamiento al bloqueo y las sanciones inhumanas que se les imponen.<\/p>\n<p style=\"text-align: justify;\">El jefe de la diplomacia china reiter\u00f3 el rechazo a la injerencia en los asuntos internos del pueblo sirio y todo lo que afecta la soberan\u00eda e integridad territorial de Siria.<\/p>\n<p style=\"text-align: justify;\">Asimismo, transmiti\u00f3 al presidente al-Assad las felicitaciones del presidente Xi Jinping por ganar las elecciones presidenciales, y consider\u00f3 que el \u00e9xito de esta cita constitucional demuestra la victoria del pueblo y su firme determinaci\u00f3n de resistir todos los desaf\u00edos e intentos de dominarlo.<\/p>\n<p style=\"text-align: justify;\"><span style=\"color: #0000ff;\">fm\/rr<\/span><\/p>\n<div id='gallery-1' class='gallery galleryid-189357 gallery-columns-1 gallery-size-full'><figure class='gallery-item'>\n\t\t\t<div class='gallery-icon landscape'>\n\t\t\t\t<a href='https:\/\/archive.sana.sy\/es\/wp-content\/uploads\/2021\/07\/DSC06363-scaled.jpg'><img loading=\"lazy\" decoding=\"async\" width=\"2560\" height=\"1411\" src=\"https:\/\/archive.sana.sy\/es\/wp-content\/uploads\/2021\/07\/DSC06363-scaled.jpg\" class=\"attachment-full size-full\" alt=\"\" srcset=\"https:\/\/archive.sana.sy\/es\/wp-content\/uploads\/2021\/07\/DSC06363-scaled.jpg 2560w, https:\/\/archive.sana.sy\/es\/wp-content\/uploads\/2021\/07\/DSC06363-300x165.jpg 300w, https:\/\/archive.sana.sy\/es\/wp-content\/uploads\/2021\/07\/DSC06363-1024x564.jpg 1024w, https:\/\/archive.sana.sy\/es\/wp-content\/uploads\/2021\/07\/DSC06363-150x83.jpg 150w, https:\/\/archive.sana.sy\/es\/wp-content\/uploads\/2021\/07\/DSC06363-768x423.jpg 768w, https:\/\/archive.sana.sy\/es\/wp-content\/uploads\/2021\/07\/DSC06363-1536x846.jpg 1536w, https:\/\/archive.sana.sy\/es\/wp-content\/uploads\/2021\/07\/DSC06363-2048x1128.jpg 2048w\" sizes=\"(max-width: 2560px) 100vw, 2560px\" \/><\/a>\n\t\t\t<\/div><\/figure>\n\t\t<\/div>\n\n","protected":false},"excerpt":{"rendered":"<p>Damasco, SANA El presidente Bashar al-Assad, recibi\u00f3 hoy a Wang Yi, el ministro de Exteriores de China, y la delegaci\u00f3n acompa\u00f1ante. Las conversaciones durante el encuentro abordaron las hist\u00f3ricas y excelentes relaciones que unen a los dos pa\u00edses amigos, y se acord\u00f3 avanzar hacia una nueva etapa en el fortalecimiento de estas relaciones y la &hellip;<\/p>\n","protected":false},"author":31,"featured_media":189359,"comment_status":"closed","ping_status":"closed","sticky":false,"template":"","format":"standard","meta":{"footnotes":""},"categories":[597,476,16237,467,583],"tags":[],"class_list":["post-189357","post","type-post","status-publish","format-standard","has-post-thumbnail","","category-cinta-de-noticias","category-locales","category-presidence-de-la-republique-arabe-syria","category-siria-y-el-mundo","category-slide"],"_links":{"self":[{"href":"https:\/\/archive.sana.sy\/es\/index.php?rest_route=\/wp\/v2\/posts\/189357"}],"collection":[{"href":"https:\/\/archive.sana.sy\/es\/index.php?rest_route=\/wp\/v2\/posts"}],"about":[{"href":"https:\/\/archive.sana.sy\/es\/index.php?rest_route=\/wp\/v2\/types\/post"}],"author":[{"embeddable":true,"href":"https:\/\/archive.sana.sy\/es\/index.php?rest_route=\/wp\/v2\/users\/31"}],"replies":[{"embeddable":true,"href":"https:\/\/archive.sana.sy\/es\/index.php?rest_route=%2Fwp%2Fv2%2Fcomments&post=189357"}],"version-history":[{"count":0,"href":"https:\/\/archive.sana.sy\/es\/index.php?rest_route=\/wp\/v2\/posts\/189357\/revisions"}],"wp:featuredmedia":[{"embeddable":true,"href":"https:\/\/archive.sana.sy\/es\/index.php?rest_route=\/wp\/v2\/media\/189359"}],"wp:attachment":[{"href":"https:\/\/archive.sana.sy\/es\/index.php?rest_route=%2Fwp%2Fv2%2Fmedia&parent=189357"}],"wp:term":[{"taxonomy":"category","embeddable":true,"href":"https:\/\/archive.sana.sy\/es\/index.php?rest_route=%2Fwp%2Fv2%2Fcategories&post=189357"},{"taxonomy":"post_tag","embeddable":true,"href":"https:\/\/archive.sana.sy\/es\/index.php?rest_route=%2Fwp%2Fv2%2Ftags&post=189357"}],"curies":[{"name":"wp","href":"https:\/\/api.w.org\/{rel}","templated":true}]}}