{"id":189559,"date":"2021-07-19T06:58:22","date_gmt":"2021-07-19T03:58:22","guid":{"rendered":"http:\/\/107.6.182.27\/es\/?p=189559"},"modified":"2023-01-10T14:27:31","modified_gmt":"2023-01-10T12:27:31","slug":"defensa-ruso-terroristas-de-al-nousra-en-idlib-lanzaron-28-ataques-durante-recientes-horas","status":"publish","type":"post","link":"https:\/\/archive.sana.sy\/es\/?p=189559","title":{"rendered":"Defensa ruso: terroristas de Al-Nousra en Idlib lanzaron \u00a028 ataques durante recientes horas"},"content":{"rendered":"<p style=\"text-align: justify;\"><span style=\"color: #800000;\"><strong>Mosc\u00fa, SANA<\/strong><\/span><\/p>\n<p style=\"text-align: justify;\">El Ministerio de Defensa ruso anunci\u00f3 hoy que los terroristas del \u201cFrente Al-Nousra\u201d presentes en la zona de desescalada en Idlib y sus alrededores llevaron a cabo 28 ataques durante las recientes horas.<\/p>\n<p style=\"text-align: justify;\">El subjefe del Centro de Coordinaci\u00f3n de Rusia en Hemeimim, el general Vadim Kuliet, declar\u00f3 que los terroristas lanzaron 15 en Idlib, 5 en Latakia dos ataques en Alepo y seis en Hama.<\/p>\n<p style=\"text-align: justify;\">El 23 del mes pasado, el Centro de Coordinaci\u00f3n Ruso anunci\u00f3 que los terroristas cometieron 37 ataques desde sus posiciones en la zona de desescalada de Idlib contra \u00e1reas seguras en cuatro provincias.<\/p>\n<p style=\"text-align: justify;\"><span style=\"color: #0000ff;\"><strong>fm<\/strong><\/span><\/p>\n","protected":false},"excerpt":{"rendered":"<p>Mosc\u00fa, SANA El Ministerio de Defensa ruso anunci\u00f3 hoy que los terroristas del \u201cFrente Al-Nousra\u201d presentes en la zona de desescalada en Idlib y sus alrededores llevaron a cabo 28 ataques durante las recientes horas. El subjefe del Centro de Coordinaci\u00f3n de Rusia en Hemeimim, el general Vadim Kuliet, declar\u00f3 que los terroristas lanzaron 15 &hellip;<\/p>\n","protected":false},"author":34,"featured_media":189560,"comment_status":"closed","ping_status":"closed","sticky":false,"template":"","format":"standard","meta":{"footnotes":""},"categories":[477,447,597,573,476,457,7541],"tags":[],"class_list":["post-189559","post","type-post","status-publish","format-standard","has-post-thumbnail","","category-noticias-edulcorantes","category-local-politica","category-cinta-de-noticias","category-la-realidad-de-los-acontecimientos-en-siria","category-locales","category-noticias-arabe-internacional-politica","category-ultimas-noticias"],"_links":{"self":[{"href":"https:\/\/archive.sana.sy\/es\/index.php?rest_route=\/wp\/v2\/posts\/189559"}],"collection":[{"href":"https:\/\/archive.sana.sy\/es\/index.php?rest_route=\/wp\/v2\/posts"}],"about":[{"href":"https:\/\/archive.sana.sy\/es\/index.php?rest_route=\/wp\/v2\/types\/post"}],"author":[{"embeddable":true,"href":"https:\/\/archive.sana.sy\/es\/index.php?rest_route=\/wp\/v2\/users\/34"}],"replies":[{"embeddable":true,"href":"https:\/\/archive.sana.sy\/es\/index.php?rest_route=%2Fwp%2Fv2%2Fcomments&post=189559"}],"version-history":[{"count":0,"href":"https:\/\/archive.sana.sy\/es\/index.php?rest_route=\/wp\/v2\/posts\/189559\/revisions"}],"wp:featuredmedia":[{"embeddable":true,"href":"https:\/\/archive.sana.sy\/es\/index.php?rest_route=\/wp\/v2\/media\/189560"}],"wp:attachment":[{"href":"https:\/\/archive.sana.sy\/es\/index.php?rest_route=%2Fwp%2Fv2%2Fmedia&parent=189559"}],"wp:term":[{"taxonomy":"category","embeddable":true,"href":"https:\/\/archive.sana.sy\/es\/index.php?rest_route=%2Fwp%2Fv2%2Fcategories&post=189559"},{"taxonomy":"post_tag","embeddable":true,"href":"https:\/\/archive.sana.sy\/es\/index.php?rest_route=%2Fwp%2Fv2%2Ftags&post=189559"}],"curies":[{"name":"wp","href":"https:\/\/api.w.org\/{rel}","templated":true}]}}